{"id":9964,"date":"2025-08-21T08:43:24","date_gmt":"2025-08-21T06:43:24","guid":{"rendered":"https:\/\/www.kidstoo.ch\/stopfeminicide\/"},"modified":"2025-08-21T08:44:22","modified_gmt":"2025-08-21T06:44:22","slug":"stopfeminicide","status":"publish","type":"post","link":"https:\/\/www.kidstoo.ch\/en\/stopfeminicide\/","title":{"rendered":"#StopFeminicide\u00a0"},"content":{"rendered":"\n<p><strong>#StopFeminicide<\/strong>&nbsp;<\/p>\n\n\n\n<p>Corcelles (NE), le 19 ao\u00fbt 2025 \u2014 une m\u00e8re et ses deux filles ont \u00e9t\u00e9 retrouv\u00e9es mortes.&nbsp;<\/p>\n\n\n\n<p>Les journaux parlent d\u2019un <em>f\u00e9minicide<\/em> et de deux <em>meurtres<\/em>. Mais n\u2019est-ce pas, en r\u00e9alit\u00e9, un <strong>triple f\u00e9minicide<\/strong>?&nbsp;<\/p>\n\n\n\n<p>Ces drames ne sont pas impr\u00e9visibles. Ils s\u2019inscrivent dans un continuum de violences souvent peu visibles : surveillance, isolement, d\u00e9nigrement, menaces, chantage\u2026 Autant de signaux ignor\u00e9s, car notre syst\u00e8me judiciaire ne reconna\u00eet pas encore le <strong>contr\u00f4le coercitif mais la suspension et le classement de la proc\u00e9dure (art. 55a CP)<\/strong>.&nbsp;<\/p>\n\n\n\n<p>Et quand l\u2019autorit\u00e9 parentale conjointe, la garde altern\u00e9e ou les contacts impos\u00e9s maintiennent le lien avec l\u2019agresseur, le danger s\u2019amplifie.&nbsp;<\/p>\n\n\n\n<p>Il est urgent de changer de regard: <strong>nommer ces violences, adapter nos lois, prot\u00e9ger avant qu\u2019il ne soit trop tard.<\/strong>&nbsp;<\/p>\n\n\n\n<figure class=\"wp-block-image size-full\"><img loading=\"lazy\" decoding=\"async\" width=\"1200\" height=\"1500\" src=\"https:\/\/www.kidstoo.ch\/app\/uploads\/20250821-visuel-stop-feminicide.png\" alt=\"\" class=\"wp-image-9951\" srcset=\"https:\/\/www.kidstoo.ch\/app\/uploads\/20250821-visuel-stop-feminicide.png 1200w, https:\/\/www.kidstoo.ch\/app\/uploads\/20250821-visuel-stop-feminicide-240x300.png 240w, https:\/\/www.kidstoo.ch\/app\/uploads\/20250821-visuel-stop-feminicide-819x1024.png 819w, https:\/\/www.kidstoo.ch\/app\/uploads\/20250821-visuel-stop-feminicide-768x960.png 768w\" sizes=\"auto, (max-width: 1200px) 100vw, 1200px\" \/><\/figure>\n","protected":false},"excerpt":{"rendered":"<p>#StopFeminicide&nbsp; Corcelles (NE), le 19 ao\u00fbt 2025 \u2014 une m\u00e8re et ses deux filles ont \u00e9t\u00e9 retrouv\u00e9es mortes.&nbsp; Les journaux parlent d\u2019un f\u00e9minicide et de deux meurtres. Mais n\u2019est-ce pas, en r\u00e9alit\u00e9, un triple f\u00e9minicide?&nbsp; Ces drames ne sont pas impr\u00e9visibles. Ils s\u2019inscrivent dans un continuum de violences souvent peu visibles : surveillance, isolement, d\u00e9nigrement, [&hellip;]<\/p>\n","protected":false},"author":9,"featured_media":9960,"comment_status":"closed","ping_status":"closed","sticky":false,"template":"","format":"standard","meta":{"_acf_changed":false,"footnotes":""},"categories":[27],"tags":[517,520],"class_list":["post-9964","post","type-post","status-publish","format-standard","has-post-thumbnail","hentry","category-news","tag-media-en","tag-social-media"],"acf":[],"aioseo_notices":[],"_links":{"self":[{"href":"https:\/\/www.kidstoo.ch\/en\/wp-json\/wp\/v2\/posts\/9964","targetHints":{"allow":["GET"]}}],"collection":[{"href":"https:\/\/www.kidstoo.ch\/en\/wp-json\/wp\/v2\/posts"}],"about":[{"href":"https:\/\/www.kidstoo.ch\/en\/wp-json\/wp\/v2\/types\/post"}],"author":[{"embeddable":true,"href":"https:\/\/www.kidstoo.ch\/en\/wp-json\/wp\/v2\/users\/9"}],"replies":[{"embeddable":true,"href":"https:\/\/www.kidstoo.ch\/en\/wp-json\/wp\/v2\/comments?post=9964"}],"version-history":[{"count":1,"href":"https:\/\/www.kidstoo.ch\/en\/wp-json\/wp\/v2\/posts\/9964\/revisions"}],"predecessor-version":[{"id":9966,"href":"https:\/\/www.kidstoo.ch\/en\/wp-json\/wp\/v2\/posts\/9964\/revisions\/9966"}],"wp:featuredmedia":[{"embeddable":true,"href":"https:\/\/www.kidstoo.ch\/en\/wp-json\/wp\/v2\/media\/9960"}],"wp:attachment":[{"href":"https:\/\/www.kidstoo.ch\/en\/wp-json\/wp\/v2\/media?parent=9964"}],"wp:term":[{"taxonomy":"category","embeddable":true,"href":"https:\/\/www.kidstoo.ch\/en\/wp-json\/wp\/v2\/categories?post=9964"},{"taxonomy":"post_tag","embeddable":true,"href":"https:\/\/www.kidstoo.ch\/en\/wp-json\/wp\/v2\/tags?post=9964"}],"curies":[{"name":"wp","href":"https:\/\/api.w.org\/{rel}","templated":true}]}}