{"id":8530,"date":"2025-03-19T10:45:25","date_gmt":"2025-03-19T09:45:25","guid":{"rendered":"https:\/\/www.kidstoo.ch\/penalisation-du-stalking\/"},"modified":"2025-03-19T10:45:25","modified_gmt":"2025-03-19T09:45:25","slug":"penalisation-du-stalking","status":"publish","type":"post","link":"https:\/\/www.kidstoo.ch\/en\/penalisation-du-stalking\/","title":{"rendered":"P\u00e9nalisation du stalking"},"content":{"rendered":"\n<p>\u23f3 <strong>Une bataille de plus de 15 ans pour p\u00e9naliser le stalking en Suisse !<\/strong> \u23f3<\/p>\n\n\n\n<p><strong>Un combat sem\u00e9 d\u2019obstacles<\/strong><br>La premi\u00e8re motion demandant la reconnaissance du stalking date de <strong>2007<\/strong>. Pourtant, il aura fallu pr\u00e8s de <strong>17 ans de d\u00e9bats, de r\u00e9ticences politiques et d\u2019inaction<\/strong> pour enfin aboutir \u00e0 une loi sp\u00e9cifique. Ce long chemin illustre la difficult\u00e9 de faire reconna\u00eetre le calvaire des victimes et l\u2019ampleur du vide juridique auquel elles \u00e9taient confront\u00e9es.<\/p>\n\n\n\n<p><strong>Un probl\u00e8me bien plus large que la violence domestique<\/strong><br>En Suisse, entre <strong>30 et 50% des cas surviennent apr\u00e8s une s\u00e9paration<\/strong> mais le stalking ne concerne pas uniquement les violences domestiques. Le harc\u00e8lement obsessionnel peut toucher <strong>n\u2019importe qui, \u00e0 tout moment<\/strong>.<\/p>\n\n\n\n<p><strong>Un changement attendu en 2026<\/strong><br>Le nouveau texte p\u00e9nal d\u00e9finira enfin le stalking. Cette reconnaissance est une avanc\u00e9e majeure pour les victimes qui se battent depuis des ann\u00e9es pour que leur souffrance soit prise au s\u00e9rieux.<\/p>\n\n\n\n<p>\ud83d\udccc <strong>Pour approfondir :<\/strong><br>\ud83d\udcf0 Article 24H : <a href=\"https:\/\/www.24heures.ch\/code-penal-suisse-nouvelle-loi-pour-dire-stop-aux-harceleurs-646138633056\">Nouvelle loi pour dire stop aux harceleurs<\/a><br>\ud83d\udcdc Initiative parlementaire : <a href=\"https:\/\/www.parlament.ch\/fr\/ratsbetrieb\/suche-curia-vista\/geschaeft?AffairId=20190433\">Texte officiel<\/a><br>\ud83c\udf99\ufe0f Interview RTS : <a href=\"https:\/\/www.rts.ch\/play\/tv\/la-matinale\/video\/le-harcelement-obsessionnel-pourrait-entrer-dans-le-code-penal-interview-danny-kasser-overney-video?urn=urn:rts:video:14955087\">Le harc\u00e8lement obsessionnel pourrait entrer dans le Code p\u00e9nal<\/a><\/p>\n","protected":false},"excerpt":{"rendered":"<p>\u23f3 Une bataille de plus de 15 ans pour p\u00e9naliser le stalking en Suisse ! \u23f3 Un combat sem\u00e9 d\u2019obstaclesLa premi\u00e8re motion demandant la reconnaissance du stalking date de 2007. Pourtant, il aura fallu pr\u00e8s de 17 ans de d\u00e9bats, de r\u00e9ticences politiques et d\u2019inaction pour enfin aboutir \u00e0 une loi sp\u00e9cifique. Ce long chemin [&hellip;]<\/p>\n","protected":false},"author":9,"featured_media":8526,"comment_status":"closed","ping_status":"closed","sticky":false,"template":"","format":"standard","meta":{"_acf_changed":false,"footnotes":""},"categories":[27],"tags":[520],"class_list":["post-8530","post","type-post","status-publish","format-standard","has-post-thumbnail","hentry","category-news","tag-social-media"],"acf":[],"aioseo_notices":[],"_links":{"self":[{"href":"https:\/\/www.kidstoo.ch\/en\/wp-json\/wp\/v2\/posts\/8530","targetHints":{"allow":["GET"]}}],"collection":[{"href":"https:\/\/www.kidstoo.ch\/en\/wp-json\/wp\/v2\/posts"}],"about":[{"href":"https:\/\/www.kidstoo.ch\/en\/wp-json\/wp\/v2\/types\/post"}],"author":[{"embeddable":true,"href":"https:\/\/www.kidstoo.ch\/en\/wp-json\/wp\/v2\/users\/9"}],"replies":[{"embeddable":true,"href":"https:\/\/www.kidstoo.ch\/en\/wp-json\/wp\/v2\/comments?post=8530"}],"version-history":[{"count":0,"href":"https:\/\/www.kidstoo.ch\/en\/wp-json\/wp\/v2\/posts\/8530\/revisions"}],"wp:featuredmedia":[{"embeddable":true,"href":"https:\/\/www.kidstoo.ch\/en\/wp-json\/wp\/v2\/media\/8526"}],"wp:attachment":[{"href":"https:\/\/www.kidstoo.ch\/en\/wp-json\/wp\/v2\/media?parent=8530"}],"wp:term":[{"taxonomy":"category","embeddable":true,"href":"https:\/\/www.kidstoo.ch\/en\/wp-json\/wp\/v2\/categories?post=8530"},{"taxonomy":"post_tag","embeddable":true,"href":"https:\/\/www.kidstoo.ch\/en\/wp-json\/wp\/v2\/tags?post=8530"}],"curies":[{"name":"wp","href":"https:\/\/api.w.org\/{rel}","templated":true}]}}