{"id":4130,"date":"2022-12-01T15:35:23","date_gmt":"2022-12-01T14:35:23","guid":{"rendered":"https:\/\/www.kidstoo.ch\/voulons-nous-des-enfants-barbares\/"},"modified":"2024-07-14T15:24:24","modified_gmt":"2024-07-14T13:24:24","slug":"voulons-nous-des-enfants-barbares","status":"publish","type":"post","link":"https:\/\/www.kidstoo.ch\/en\/voulons-nous-des-enfants-barbares\/","title":{"rendered":"Voulons-nous des enfants barbares?"},"content":{"rendered":"\n<h4 class=\"wp-block-heading\">Voulons-nous des enfants barbares? Pr\u00e9venir et traiter la violence extr\u00eame<\/h4>\n\n\n\n<p><strong>R\u00e9sum\u00e9<\/strong><br>La quasi-totalit\u00e9 des enfants et pr\u00e9adolescents auteurs de violences extr\u00eames ont \u00e9t\u00e9 soumis tout petits, le plus souvent par leurs parents, \u00e0 des relations particuli\u00e8rement d\u00e9fectueuses entra\u00eenant des traumatismes relationnels pr\u00e9coces. Pour faire face \u00e0 ces traumatismes, ces enfants ont, d\u00e8s les premi\u00e8res ann\u00e9es de leur vie, mis en place des processus de d\u00e9fense incluant la violence. Devenus adolescents ou adultes, beaucoup blesseront, voire m\u00eame violeront ou tueront. Leur prise en charge th\u00e9rapeutique est de r\u00e9sultat al\u00e9atoire, pourtant les connaissances scientifiques qui permettraient une vraie pr\u00e9vention existent. Seule la France refuse de les prendre en compte car ce savoir bat en br\u00e8che un bon nombre de croyances. Le lien de causalit\u00e9 entre traumatisme relationnel pr\u00e9coce et violence fait en effet chez nous l&#8217;objet d&#8217;un d\u00e9ni volontaire et sans rem\u00e8de. Le nombre d&#8217;enfants &#8220;barbares&#8221; qui n&#8217;ont pas la libert\u00e9 interne de ne pas frapper va continuer \u00e0 cro\u00eetre si nous ne parvenons pas \u00e0 modifier notre mani\u00e8re de penser. Cet ouvrage veut y contribuer.<br><strong>L&#8217;auteur<\/strong><br>Maurice Berger est chef de service en psychiatrie de l&#8217;enfant au CHU de Saint-Etienne, ex-professeur associ\u00e9 de psychologie \u00e0 l&#8217;Universit\u00e9 Lyon 2, et psychanalyste. Ses travaux scientifiques dans le domaine de l&#8217;enfance font l&#8217;objet d&#8217;une reconnaissance internationale.<br><strong>Source<\/strong>: www.payot.ch<\/p>\n","protected":false},"excerpt":{"rendered":"<p>Voulons-nous des enfants barbares? Pr\u00e9venir et traiter la violence extr\u00eame R\u00e9sum\u00e9La quasi-totalit\u00e9 des enfants et pr\u00e9adolescents auteurs de violences extr\u00eames ont \u00e9t\u00e9 soumis tout petits, le plus souvent par leurs parents, \u00e0 des relations particuli\u00e8rement d\u00e9fectueuses entra\u00eenant des traumatismes relationnels pr\u00e9coces. Pour faire face \u00e0 ces traumatismes, ces enfants ont, d\u00e8s les premi\u00e8res ann\u00e9es de [&hellip;]<\/p>\n","protected":false},"author":8,"featured_media":5379,"comment_status":"open","ping_status":"open","sticky":false,"template":"","format":"standard","meta":{"_acf_changed":false,"footnotes":""},"categories":[27],"tags":[366],"class_list":["post-4130","post","type-post","status-publish","format-standard","has-post-thumbnail","hentry","category-news","tag-book"],"acf":[],"aioseo_notices":[],"_links":{"self":[{"href":"https:\/\/www.kidstoo.ch\/en\/wp-json\/wp\/v2\/posts\/4130","targetHints":{"allow":["GET"]}}],"collection":[{"href":"https:\/\/www.kidstoo.ch\/en\/wp-json\/wp\/v2\/posts"}],"about":[{"href":"https:\/\/www.kidstoo.ch\/en\/wp-json\/wp\/v2\/types\/post"}],"author":[{"embeddable":true,"href":"https:\/\/www.kidstoo.ch\/en\/wp-json\/wp\/v2\/users\/8"}],"replies":[{"embeddable":true,"href":"https:\/\/www.kidstoo.ch\/en\/wp-json\/wp\/v2\/comments?post=4130"}],"version-history":[{"count":1,"href":"https:\/\/www.kidstoo.ch\/en\/wp-json\/wp\/v2\/posts\/4130\/revisions"}],"predecessor-version":[{"id":5383,"href":"https:\/\/www.kidstoo.ch\/en\/wp-json\/wp\/v2\/posts\/4130\/revisions\/5383"}],"wp:featuredmedia":[{"embeddable":true,"href":"https:\/\/www.kidstoo.ch\/en\/wp-json\/wp\/v2\/media\/5379"}],"wp:attachment":[{"href":"https:\/\/www.kidstoo.ch\/en\/wp-json\/wp\/v2\/media?parent=4130"}],"wp:term":[{"taxonomy":"category","embeddable":true,"href":"https:\/\/www.kidstoo.ch\/en\/wp-json\/wp\/v2\/categories?post=4130"},{"taxonomy":"post_tag","embeddable":true,"href":"https:\/\/www.kidstoo.ch\/en\/wp-json\/wp\/v2\/tags?post=4130"}],"curies":[{"name":"wp","href":"https:\/\/api.w.org\/{rel}","templated":true}]}}