{"id":11616,"date":"2026-03-10T15:12:31","date_gmt":"2026-03-10T14:12:31","guid":{"rendered":"https:\/\/www.kidstoo.ch\/violence-domestique-ca-avance-sous-la-coupole\/"},"modified":"2026-03-10T15:12:52","modified_gmt":"2026-03-10T14:12:52","slug":"violence-domestique-ca-avance-sous-la-coupole","status":"publish","type":"post","link":"https:\/\/www.kidstoo.ch\/en\/violence-domestique-ca-avance-sous-la-coupole\/","title":{"rendered":"Violence domestique &#8211; \u00e7a avance sous la coupole!"},"content":{"rendered":"\n<p>La Fondation KidsToo salue l\u2019adoption par le Conseil des \u00c9tats, le 10 mars 2026, de la motion Maret visant \u00e0 \u00e9laborer une loi-cadre pour la pr\u00e9vention, la protection et la r\u00e9pression contre la violence domestique. Cette d\u00e9cision importante constitue un signal politique fort en faveur d\u2019une meilleure protection des victimes et d\u2019une action renforc\u00e9e face \u00e0 un ph\u00e9nom\u00e8ne qui demeure une grave violation des droits humains.<\/p>\n\n\n\n<p>La Fondation se r\u00e9jouit en particulier de la volont\u00e9 exprim\u00e9e de mettre en place des standards minimaux \u00e0 l\u2019\u00e9chelle nationale, notamment en mati\u00e8re de pr\u00e9vention, de protection des victimes et de coordination entre les autorit\u00e9s. Aujourd\u2019hui encore, la protection offerte aux personnes touch\u00e9es par la violence domestique peut varier selon le canton de r\u00e9sidence. Il est essentiel que toutes les victimes, en particulier les enfants, b\u00e9n\u00e9ficient d\u2019un niveau de protection \u00e9quivalent dans l\u2019ensemble du pays.<\/p>\n\n\n\n<p>L&#8217;ind\u00e9pendance de la justice ne doit pas emp\u00eacher que<br>1: les auteur.e.s de violence soient r\u00e9ellement puni.e.s p\u00e9nalement et<br>2: leurs pouvoirs de nuisance \u00e0 l&#8217;encontre des victimes soient r\u00e9duits au civil par la remise en question de l&#8217;autorit\u00e9 parentale de l&#8217;auteur.e. La garde de l&#8217;enfant et les relations personnelles soient focalis\u00e9es sur le bien-\u00eatre de l&#8217;enfant et son d\u00e9veloppement et non sur le droit du parent qui n&#8217;a pas respect\u00e9 ses devoirs.<br><br><\/p>\n\n\n\n<p>KidsToo rappelle que les enfants sont des victimes directes ou indirectes de la violence domestique. Grandir dans un environnement marqu\u00e9 par la violence a des cons\u00e9quences profondes et durables sur leur sant\u00e9, leur d\u00e9veloppement et leur s\u00e9curit\u00e9. Toute politique visant \u00e0 pr\u00e9venir et combattre la violence domestique doit donc pleinement int\u00e9grer la protection et l\u2019accompagnement des enfants concern\u00e9s.<\/p>\n\n\n\n<p>La Fondation appelle d\u00e9sormais le Conseil national \u00e0 soutenir cette d\u00e9marche et \u00e0 poursuivre les travaux afin de renforcer la pr\u00e9vention, l\u2019aide aux victimes et la coordination entre les acteurs concern\u00e9s. Elle se tient pr\u00eate \u00e0 contribuer \u00e0 cette r\u00e9flexion afin que la future loi-cadre permette d\u2019am\u00e9liorer concr\u00e8tement la protection des enfants et des familles confront\u00e9s \u00e0 la violence domestique en Suisse.<\/p>\n\n\n\n<figure class=\"wp-block-image size-full\"><img loading=\"lazy\" decoding=\"async\" width=\"1080\" height=\"1350\" src=\"https:\/\/www.kidstoo.ch\/app\/uploads\/Violence-domestique-ca-avance-sous-la-coupole.png\" alt=\"\" class=\"wp-image-11607\" srcset=\"https:\/\/www.kidstoo.ch\/app\/uploads\/Violence-domestique-ca-avance-sous-la-coupole.png 1080w, https:\/\/www.kidstoo.ch\/app\/uploads\/Violence-domestique-ca-avance-sous-la-coupole-240x300.png 240w, https:\/\/www.kidstoo.ch\/app\/uploads\/Violence-domestique-ca-avance-sous-la-coupole-819x1024.png 819w, https:\/\/www.kidstoo.ch\/app\/uploads\/Violence-domestique-ca-avance-sous-la-coupole-768x960.png 768w\" sizes=\"auto, (max-width: 1080px) 100vw, 1080px\" \/><\/figure>\n","protected":false},"excerpt":{"rendered":"<p>La Fondation KidsToo salue l\u2019adoption par le Conseil des \u00c9tats, le 10 mars 2026, de la motion Maret visant \u00e0 \u00e9laborer une loi-cadre pour la pr\u00e9vention, la protection et la r\u00e9pression contre la violence domestique. Cette d\u00e9cision importante constitue un signal politique fort en faveur d\u2019une meilleure protection des victimes et d\u2019une action renforc\u00e9e face [&hellip;]<\/p>\n","protected":false},"author":9,"featured_media":11612,"comment_status":"closed","ping_status":"closed","sticky":false,"template":"","format":"standard","meta":{"_acf_changed":false,"footnotes":""},"categories":[27],"tags":[517],"class_list":["post-11616","post","type-post","status-publish","format-standard","has-post-thumbnail","hentry","category-news","tag-media-en"],"acf":[],"aioseo_notices":[],"_links":{"self":[{"href":"https:\/\/www.kidstoo.ch\/en\/wp-json\/wp\/v2\/posts\/11616","targetHints":{"allow":["GET"]}}],"collection":[{"href":"https:\/\/www.kidstoo.ch\/en\/wp-json\/wp\/v2\/posts"}],"about":[{"href":"https:\/\/www.kidstoo.ch\/en\/wp-json\/wp\/v2\/types\/post"}],"author":[{"embeddable":true,"href":"https:\/\/www.kidstoo.ch\/en\/wp-json\/wp\/v2\/users\/9"}],"replies":[{"embeddable":true,"href":"https:\/\/www.kidstoo.ch\/en\/wp-json\/wp\/v2\/comments?post=11616"}],"version-history":[{"count":1,"href":"https:\/\/www.kidstoo.ch\/en\/wp-json\/wp\/v2\/posts\/11616\/revisions"}],"predecessor-version":[{"id":11618,"href":"https:\/\/www.kidstoo.ch\/en\/wp-json\/wp\/v2\/posts\/11616\/revisions\/11618"}],"wp:featuredmedia":[{"embeddable":true,"href":"https:\/\/www.kidstoo.ch\/en\/wp-json\/wp\/v2\/media\/11612"}],"wp:attachment":[{"href":"https:\/\/www.kidstoo.ch\/en\/wp-json\/wp\/v2\/media?parent=11616"}],"wp:term":[{"taxonomy":"category","embeddable":true,"href":"https:\/\/www.kidstoo.ch\/en\/wp-json\/wp\/v2\/categories?post=11616"},{"taxonomy":"post_tag","embeddable":true,"href":"https:\/\/www.kidstoo.ch\/en\/wp-json\/wp\/v2\/tags?post=11616"}],"curies":[{"name":"wp","href":"https:\/\/api.w.org\/{rel}","templated":true}]}}