{"id":11509,"date":"2026-03-16T08:40:57","date_gmt":"2026-03-16T07:40:57","guid":{"rendered":"https:\/\/www.kidstoo.ch\/?p=11509"},"modified":"2026-03-16T08:41:06","modified_gmt":"2026-03-16T07:41:06","slug":"%f0%9f%8e%a4-adapter-le-droit-de-la-famille-pour-la-protection-des-victimes","status":"publish","type":"post","link":"https:\/\/www.kidstoo.ch\/en\/%f0%9f%8e%a4-adapter-le-droit-de-la-famille-pour-la-protection-des-victimes\/","title":{"rendered":"\ud83c\udfa4 Adapter le droit de la famille pour la protection des victimes"},"content":{"rendered":"\n<p>\ud83c\udfa4 <strong>Adapter le droit de la famille pour la protection des victimes<\/strong><\/p>\n\n\n\n<p><strong>Ruedi Winet<\/strong>, juriste, infirmier sp\u00e9cialis\u00e9 en psychiatrie et ancien pr\u00e9sident d\u2019une <strong>APEA<\/strong>, est aujourd\u2019hui directeur ex\u00e9cutif de l\u2019Association des pr\u00e9sidences de la KESB du canton de Zurich. Gr\u00e2ce \u00e0 sa formation et \u00e0 son exp\u00e9rience compl\u00e9mentaires en psychiatrie, il apporte une sensibilit\u00e9 particuli\u00e8re aux dynamiques des troubles psychiques et des syst\u00e8mes familiaux complexes, ce qui influence de mani\u00e8re d\u00e9terminante sa vision des questions li\u00e9es \u00e0 la protection des victimes.<\/p>\n\n\n\n<p>Dans sa pr\u00e9sentation, il mettra en lumi\u00e8re les d\u00e9fis de la protection des victimes, en particulier l\u2019ad\u00e9quation des mesures de protection au regard du <em>coercive control<\/em>, la reconnaissance et la prise en compte des enfants \u00e0 risque (autorit\u00e9 parentale, maintien de la relation, instrumentalisation), ainsi que certaines d\u00e9cisions judiciaires susceptibles de mettre les victimes en difficult\u00e9.<\/p>\n\n\n\n<p>\ud83d\udca1 <strong>Symposium KidsToo \u00ab&nbsp;Contr\u00f4le coercitif&nbsp;: Enjeux familiaux et juridiques&nbsp;\u00bb<\/strong><br>\ud83d\udccd H\u00f4tel Beaulac, Neuch\u00e2tel<br>\ud83d\uddd3\ufe0f 10 juin 2026<\/p>\n\n\n\n<p>\ud83d\udc49 <strong>Programme complet et inscription ici&nbsp;: <\/strong>www.kidstoo.ch\/symposium<\/p>\n\n\n\n<figure class=\"wp-block-image size-full\"><img loading=\"lazy\" decoding=\"async\" width=\"1080\" height=\"1350\" src=\"https:\/\/www.kidstoo.ch\/app\/uploads\/Speakers-intro4.png\" alt=\"\" class=\"wp-image-11500\" srcset=\"https:\/\/www.kidstoo.ch\/app\/uploads\/Speakers-intro4.png 1080w, https:\/\/www.kidstoo.ch\/app\/uploads\/Speakers-intro4-240x300.png 240w, https:\/\/www.kidstoo.ch\/app\/uploads\/Speakers-intro4-819x1024.png 819w, https:\/\/www.kidstoo.ch\/app\/uploads\/Speakers-intro4-768x960.png 768w\" sizes=\"auto, (max-width: 1080px) 100vw, 1080px\" \/><\/figure>\n\n\n\n<p>Photo: Balz Murer<\/p>\n","protected":false},"excerpt":{"rendered":"<p>\ud83c\udfa4 Adapter le droit de la famille pour la protection des victimes Ruedi Winet, juriste, infirmier sp\u00e9cialis\u00e9 en psychiatrie et ancien pr\u00e9sident d\u2019une APEA, est aujourd\u2019hui directeur ex\u00e9cutif de l\u2019Association des pr\u00e9sidences de la KESB du canton de Zurich. Gr\u00e2ce \u00e0 sa formation et \u00e0 son exp\u00e9rience compl\u00e9mentaires en psychiatrie, il apporte une sensibilit\u00e9 particuli\u00e8re [&hellip;]<\/p>\n","protected":false},"author":9,"featured_media":11505,"comment_status":"closed","ping_status":"closed","sticky":false,"template":"","format":"standard","meta":{"_acf_changed":false,"footnotes":""},"categories":[27],"tags":[637,630,370,520],"class_list":["post-11509","post","type-post","status-publish","format-standard","has-post-thumbnail","hentry","category-news","tag-coercive-control","tag-conference-en","tag-kidstoo-en","tag-social-media"],"acf":[],"aioseo_notices":[],"_links":{"self":[{"href":"https:\/\/www.kidstoo.ch\/en\/wp-json\/wp\/v2\/posts\/11509","targetHints":{"allow":["GET"]}}],"collection":[{"href":"https:\/\/www.kidstoo.ch\/en\/wp-json\/wp\/v2\/posts"}],"about":[{"href":"https:\/\/www.kidstoo.ch\/en\/wp-json\/wp\/v2\/types\/post"}],"author":[{"embeddable":true,"href":"https:\/\/www.kidstoo.ch\/en\/wp-json\/wp\/v2\/users\/9"}],"replies":[{"embeddable":true,"href":"https:\/\/www.kidstoo.ch\/en\/wp-json\/wp\/v2\/comments?post=11509"}],"version-history":[{"count":2,"href":"https:\/\/www.kidstoo.ch\/en\/wp-json\/wp\/v2\/posts\/11509\/revisions"}],"predecessor-version":[{"id":11633,"href":"https:\/\/www.kidstoo.ch\/en\/wp-json\/wp\/v2\/posts\/11509\/revisions\/11633"}],"wp:featuredmedia":[{"embeddable":true,"href":"https:\/\/www.kidstoo.ch\/en\/wp-json\/wp\/v2\/media\/11505"}],"wp:attachment":[{"href":"https:\/\/www.kidstoo.ch\/en\/wp-json\/wp\/v2\/media?parent=11509"}],"wp:term":[{"taxonomy":"category","embeddable":true,"href":"https:\/\/www.kidstoo.ch\/en\/wp-json\/wp\/v2\/categories?post=11509"},{"taxonomy":"post_tag","embeddable":true,"href":"https:\/\/www.kidstoo.ch\/en\/wp-json\/wp\/v2\/tags?post=11509"}],"curies":[{"name":"wp","href":"https:\/\/api.w.org\/{rel}","templated":true}]}}