{"id":11469,"date":"2026-03-05T08:36:38","date_gmt":"2026-03-05T07:36:38","guid":{"rendered":"https:\/\/www.kidstoo.ch\/?p=11469"},"modified":"2026-03-05T08:36:54","modified_gmt":"2026-03-05T07:36:54","slug":"%f0%9f%8e%a4-le-controle-coercitif-au-prisme-du-droit-penal-entre-reconnaissance-societale-et-defi-judiciaire","status":"publish","type":"post","link":"https:\/\/www.kidstoo.ch\/en\/%f0%9f%8e%a4-le-controle-coercitif-au-prisme-du-droit-penal-entre-reconnaissance-societale-et-defi-judiciaire\/","title":{"rendered":"\ud83c\udfa4 Le contr\u00f4le coercitif au prisme du droit p\u00e9nal : entre reconnaissance soci\u00e9tale et d\u00e9fi judiciaire"},"content":{"rendered":"\n<p>\ud83c\udfa4 <strong>Le contr\u00f4le coercitif au prisme du droit p\u00e9nal : entre reconnaissance soci\u00e9tale et d\u00e9fi judiciaire<\/strong><\/p>\n\n\n\n<p>Me Lo\u00efc Parein est une r\u00e9f\u00e9rence en mati\u00e8re de justice p\u00e9nale. Sa pr\u00e9sentation explorera les transformations du regard juridique sur le contr\u00f4le coercitif, de son \u00e9mergence sociale \u00e0 sa reconnaissance dans le droit p\u00e9nal. Il abordera les d\u00e9fis de la d\u00e9finition juridique, les difficult\u00e9s probatoires et les finalit\u00e9s des sanctions, interrogeant la capacit\u00e9 du syst\u00e8me judiciaire \u00e0 r\u00e9pondre \u00e0 ces formes de violence.<\/p>\n\n\n\n<p>\ud83d\udca1 <strong>Symposium KidsToo \u00ab&nbsp;Contr\u00f4le coercitif&nbsp;: Enjeux familiaux et juridiques&nbsp;\u00bb<\/strong><br>\ud83d\udccd H\u00f4tel Beaulac, Neuch\u00e2tel<br>\ud83d\uddd3\ufe0f 10 juin 2026<\/p>\n\n\n\n<p>\ud83d\udc49 <strong>Programme complet et inscription ici&nbsp;: <\/strong>www.kidstoo.ch\/symposium<\/p>\n\n\n\n<figure class=\"wp-block-image size-full\"><img loading=\"lazy\" decoding=\"async\" width=\"1080\" height=\"1350\" src=\"https:\/\/www.kidstoo.ch\/app\/uploads\/Speakers-intro.png\" alt=\"\" class=\"wp-image-11460\" srcset=\"https:\/\/www.kidstoo.ch\/app\/uploads\/Speakers-intro.png 1080w, https:\/\/www.kidstoo.ch\/app\/uploads\/Speakers-intro-240x300.png 240w, https:\/\/www.kidstoo.ch\/app\/uploads\/Speakers-intro-819x1024.png 819w, https:\/\/www.kidstoo.ch\/app\/uploads\/Speakers-intro-768x960.png 768w\" sizes=\"auto, (max-width: 1080px) 100vw, 1080px\" \/><\/figure>\n\n\n\n<p>Photo: S\u00e9bastien Bovy<\/p>\n","protected":false},"excerpt":{"rendered":"<p>\ud83c\udfa4 Le contr\u00f4le coercitif au prisme du droit p\u00e9nal : entre reconnaissance soci\u00e9tale et d\u00e9fi judiciaire Me Lo\u00efc Parein est une r\u00e9f\u00e9rence en mati\u00e8re de justice p\u00e9nale. Sa pr\u00e9sentation explorera les transformations du regard juridique sur le contr\u00f4le coercitif, de son \u00e9mergence sociale \u00e0 sa reconnaissance dans le droit p\u00e9nal. Il abordera les d\u00e9fis de [&hellip;]<\/p>\n","protected":false},"author":9,"featured_media":11465,"comment_status":"closed","ping_status":"closed","sticky":false,"template":"","format":"standard","meta":{"_acf_changed":false,"footnotes":""},"categories":[27],"tags":[637,630,370,520],"class_list":["post-11469","post","type-post","status-publish","format-standard","has-post-thumbnail","hentry","category-news","tag-coercive-control","tag-conference-en","tag-kidstoo-en","tag-social-media"],"acf":[],"aioseo_notices":[],"_links":{"self":[{"href":"https:\/\/www.kidstoo.ch\/en\/wp-json\/wp\/v2\/posts\/11469","targetHints":{"allow":["GET"]}}],"collection":[{"href":"https:\/\/www.kidstoo.ch\/en\/wp-json\/wp\/v2\/posts"}],"about":[{"href":"https:\/\/www.kidstoo.ch\/en\/wp-json\/wp\/v2\/types\/post"}],"author":[{"embeddable":true,"href":"https:\/\/www.kidstoo.ch\/en\/wp-json\/wp\/v2\/users\/9"}],"replies":[{"embeddable":true,"href":"https:\/\/www.kidstoo.ch\/en\/wp-json\/wp\/v2\/comments?post=11469"}],"version-history":[{"count":2,"href":"https:\/\/www.kidstoo.ch\/en\/wp-json\/wp\/v2\/posts\/11469\/revisions"}],"predecessor-version":[{"id":11591,"href":"https:\/\/www.kidstoo.ch\/en\/wp-json\/wp\/v2\/posts\/11469\/revisions\/11591"}],"wp:featuredmedia":[{"embeddable":true,"href":"https:\/\/www.kidstoo.ch\/en\/wp-json\/wp\/v2\/media\/11465"}],"wp:attachment":[{"href":"https:\/\/www.kidstoo.ch\/en\/wp-json\/wp\/v2\/media?parent=11469"}],"wp:term":[{"taxonomy":"category","embeddable":true,"href":"https:\/\/www.kidstoo.ch\/en\/wp-json\/wp\/v2\/categories?post=11469"},{"taxonomy":"post_tag","embeddable":true,"href":"https:\/\/www.kidstoo.ch\/en\/wp-json\/wp\/v2\/tags?post=11469"}],"curies":[{"name":"wp","href":"https:\/\/api.w.org\/{rel}","templated":true}]}}