{"id":9194,"date":"2025-05-12T08:26:11","date_gmt":"2025-05-12T06:26:11","guid":{"rendered":"https:\/\/www.kidstoo.ch\/radiofrance-le-controle-coercitif-est-il-au-coeur-des-violences-conjugales\/"},"modified":"2025-07-20T10:16:35","modified_gmt":"2025-07-20T08:16:35","slug":"radiofrance-le-controle-coercitif-est-il-au-coeur-des-violences-conjugales","status":"publish","type":"post","link":"https:\/\/www.kidstoo.ch\/de\/radiofrance-le-controle-coercitif-est-il-au-coeur-des-violences-conjugales\/","title":{"rendered":"radiofrance &#8211; Le contr\u00f4le coercitif est-il au c\u0153ur des violences conjugales\u00a0?"},"content":{"rendered":"\n<p>\u00a0 \ud83c\udf99\ufe0f radiofrance &#8211; Le contr\u00f4le coercitif est-il au c\u0153ur des violences conjugales\u00a0?<\/p>\n\n\n\n<p>Trois invit\u00e9es analysent ce concept et son difficile ancrage juridique en France sur France Culture:<\/p>\n\n\n\n<p><strong>\u00c9lodie Tuaillon-Hibon<\/strong>, avocate, sp\u00e9cialis\u00e9e dans les violences sexuelles et les f\u00e9minicides<br><strong>Andreea Gruev-Vintila<\/strong>, psychologue sociale, ma\u00eetresse de conf\u00e9rences \u00e0 l\u2019Universit\u00e9 Paris-Nanterre<br><strong>Isabelle Rome<\/strong>, magistrate, ancienne ministre d\u00e9l\u00e9gu\u00e9e \u00e0 l\u2019\u00c9galit\u00e9 entre les femmes et les hommes<\/p>\n\n\n\n<p>D\u00e9couvrez les messages cl\u00e9s de l\u2019\u00e9mission dans notre carrousel \u2b07\ufe0f<br>Et \u00e9coutez l\u2019\u00e9mission ici : <a href=\"https:\/\/www.radiofrance.fr\/franceculture\/podcasts\/questions-du-soir-le-debat\/le-controle-coercitif-est-il-au-coeur-des-violences-conjugales-1000594\">France Culture \u2013 Podcast<\/a><\/p>\n\n\n\n<p>Chez <strong>KidsToo<\/strong>, nous sommes convaincus que le droit suisse actuel ne permet pas de prot\u00e9ger efficacement les victimes de violences conjugales.<br>L\u2019introduction du <strong>contr\u00f4le coercitif<\/strong> comme infraction serait une <strong>avanc\u00e9e juridique, sociale et symbolique majeure<\/strong>.<br>Mais cette reconnaissance ne suffira pas : il est essentiel de <strong>d\u00e9finir pr\u00e9cis\u00e9ment<\/strong> cette notion pour <strong>\u00e9viter tout risque de retournement contre les victimes<\/strong>.<br>Et surtout, <strong>former l\u2019ensemble des acteurs de la cha\u00eene judiciaire et sociale<\/strong> est indispensable pour assurer une <strong>application coh\u00e9rente, protectrice et juste<\/strong>.<\/p>\n\n\n\n<figure class=\"wp-block-video\"><video controls src=\"https:\/\/www.kidstoo.ch\/app\/uploads\/RadioFrance-CC.mp4\"><\/video><\/figure>\n","protected":false},"excerpt":{"rendered":"<p>\u00a0 \ud83c\udf99\ufe0f radiofrance &#8211; Le contr\u00f4le coercitif est-il au c\u0153ur des violences conjugales\u00a0? Trois invit\u00e9es analysent ce concept et son difficile ancrage juridique en France sur France Culture: \u00c9lodie Tuaillon-Hibon, avocate, sp\u00e9cialis\u00e9e dans les violences sexuelles et les f\u00e9minicidesAndreea Gruev-Vintila, psychologue sociale, ma\u00eetresse de conf\u00e9rences \u00e0 l\u2019Universit\u00e9 Paris-NanterreIsabelle Rome, magistrate, ancienne ministre d\u00e9l\u00e9gu\u00e9e \u00e0 l\u2019\u00c9galit\u00e9 [&hellip;]<\/p>\n","protected":false},"author":9,"featured_media":0,"comment_status":"closed","ping_status":"closed","sticky":false,"template":"","format":"standard","meta":{"_acf_changed":false,"footnotes":""},"categories":[25],"tags":[518,521,638],"class_list":["post-9194","post","type-post","status-publish","format-standard","hentry","category-news","tag-medien","tag-soziale-medien","tag-zwangskontrolle"],"acf":[],"aioseo_notices":[],"_links":{"self":[{"href":"https:\/\/www.kidstoo.ch\/de\/wp-json\/wp\/v2\/posts\/9194","targetHints":{"allow":["GET"]}}],"collection":[{"href":"https:\/\/www.kidstoo.ch\/de\/wp-json\/wp\/v2\/posts"}],"about":[{"href":"https:\/\/www.kidstoo.ch\/de\/wp-json\/wp\/v2\/types\/post"}],"author":[{"embeddable":true,"href":"https:\/\/www.kidstoo.ch\/de\/wp-json\/wp\/v2\/users\/9"}],"replies":[{"embeddable":true,"href":"https:\/\/www.kidstoo.ch\/de\/wp-json\/wp\/v2\/comments?post=9194"}],"version-history":[{"count":1,"href":"https:\/\/www.kidstoo.ch\/de\/wp-json\/wp\/v2\/posts\/9194\/revisions"}],"predecessor-version":[{"id":9196,"href":"https:\/\/www.kidstoo.ch\/de\/wp-json\/wp\/v2\/posts\/9194\/revisions\/9196"}],"wp:attachment":[{"href":"https:\/\/www.kidstoo.ch\/de\/wp-json\/wp\/v2\/media?parent=9194"}],"wp:term":[{"taxonomy":"category","embeddable":true,"href":"https:\/\/www.kidstoo.ch\/de\/wp-json\/wp\/v2\/categories?post=9194"},{"taxonomy":"post_tag","embeddable":true,"href":"https:\/\/www.kidstoo.ch\/de\/wp-json\/wp\/v2\/tags?post=9194"}],"curies":[{"name":"wp","href":"https:\/\/api.w.org\/{rel}","templated":true}]}}