{"id":9133,"date":"2025-04-09T09:00:00","date_gmt":"2025-04-09T07:00:00","guid":{"rendered":"https:\/\/www.kidstoo.ch\/interview-jacqueline-de-quattro-blick\/"},"modified":"2025-06-01T14:44:42","modified_gmt":"2025-06-01T12:44:42","slug":"interview-jacqueline-de-quattro-blick","status":"publish","type":"post","link":"https:\/\/www.kidstoo.ch\/de\/interview-jacqueline-de-quattro-blick\/","title":{"rendered":"Interview Jacqueline de Quattro &#8211; Blick"},"content":{"rendered":"\n<p>\ud83c\udf1f <strong>La motion d\u00e9pos\u00e9e par Madame la Conseill\u00e8re Jacqueline de Quattro t\u00e9moigne de son engagement en faveur des victimes de violences intrafamiliales.<\/strong>&nbsp;<\/p>\n\n\n\n<p>Le<strong> contr\u00f4le coercitif<\/strong> est une forme de violence insidieuse, souvent invisible, pourtant d\u00e9vastatrice. Elle constitue bien souvent le terreau sur lequel s\u2019installent les violences conjugales les plus graves, parfois jusqu\u2019au f\u00e9minicide\/homicide ou au suicide forc\u00e9.&nbsp;<\/p>\n\n\n\n<p>Chez KidsToo, nous sommes convaincus que\u202f:&nbsp;<\/p>\n\n\n\n<p>\u27a1\ufe0f <strong>La sensibilisation du grand public<\/strong> \u00e0 cette dynamique est essentielle.&nbsp;<br>\u27a1\ufe0f <strong>Former toute la cha\u00eene des intervenants<\/strong> \u2013 police, justice, sant\u00e9, \u00e9ducation, protection de l\u2019enfance \u2013 est crucial pour pouvoir identifier, comprendre et agir face \u00e0 ce type de violence.&nbsp;<br>\u27a1\ufe0f Nous pensons \u00e9galement que <strong>l\u2019introduction d\u2019une infraction autonome dans le Code p\u00e9nal<\/strong>, accompagn\u00e9e de <strong>r\u00e9formes au niveau du droit civil<\/strong>, est indispensable pour assurer une v\u00e9ritable protection des victimes, y compris les enfants.&nbsp;<\/p>\n\n\n\n<p>Le d\u00e9bat actuel en France autour de cette question nous offre des enseignements pr\u00e9cieux, que nous comptons utiliser pour rendre ce processus plus rapide et plus efficace en Suisse.&nbsp;<\/p>\n\n\n\n<p>\ud83d\udcc4 Interview de Madame la Conseill\u00e8re nationale Jacqueline de Quattro \u00e0 lire dans le Blick :&nbsp;<br><a href=\"https:\/\/www.blick.ch\/fr\/suisse\/romande\/controle-coercitif-avec-sa-nouvelle-motion-la-plr-jacqueline-de-quattro-repart-en-croisade-contre-les-violences-domestiques-id20744138.html\" target=\"_blank\" rel=\"noreferrer noopener\" class=\"broken_link\">https:\/\/www.blick.ch\/fr\/suisse\/romande\/controle-coercitif-avec-sa-nouvelle-motion-la-plr-jacqueline-de-quattro-repart-en-croisade-contre-les-violences-domestiques-id20744138.html<\/a>&nbsp;<\/p>\n","protected":false},"excerpt":{"rendered":"<p>\ud83c\udf1f La motion d\u00e9pos\u00e9e par Madame la Conseill\u00e8re Jacqueline de Quattro t\u00e9moigne de son engagement en faveur des victimes de violences intrafamiliales.&nbsp; Le contr\u00f4le coercitif est une forme de violence insidieuse, souvent invisible, pourtant d\u00e9vastatrice. Elle constitue bien souvent le terreau sur lequel s\u2019installent les violences conjugales les plus graves, parfois jusqu\u2019au f\u00e9minicide\/homicide ou au [&hellip;]<\/p>\n","protected":false},"author":9,"featured_media":8854,"comment_status":"closed","ping_status":"closed","sticky":false,"template":"","format":"standard","meta":{"_acf_changed":false,"footnotes":""},"categories":[25],"tags":[518,638],"class_list":["post-9133","post","type-post","status-publish","format-standard","has-post-thumbnail","hentry","category-news","tag-medien","tag-zwangskontrolle"],"acf":[],"aioseo_notices":[],"_links":{"self":[{"href":"https:\/\/www.kidstoo.ch\/de\/wp-json\/wp\/v2\/posts\/9133","targetHints":{"allow":["GET"]}}],"collection":[{"href":"https:\/\/www.kidstoo.ch\/de\/wp-json\/wp\/v2\/posts"}],"about":[{"href":"https:\/\/www.kidstoo.ch\/de\/wp-json\/wp\/v2\/types\/post"}],"author":[{"embeddable":true,"href":"https:\/\/www.kidstoo.ch\/de\/wp-json\/wp\/v2\/users\/9"}],"replies":[{"embeddable":true,"href":"https:\/\/www.kidstoo.ch\/de\/wp-json\/wp\/v2\/comments?post=9133"}],"version-history":[{"count":4,"href":"https:\/\/www.kidstoo.ch\/de\/wp-json\/wp\/v2\/posts\/9133\/revisions"}],"predecessor-version":[{"id":9393,"href":"https:\/\/www.kidstoo.ch\/de\/wp-json\/wp\/v2\/posts\/9133\/revisions\/9393"}],"wp:featuredmedia":[{"embeddable":true,"href":"https:\/\/www.kidstoo.ch\/de\/wp-json\/wp\/v2\/media\/8854"}],"wp:attachment":[{"href":"https:\/\/www.kidstoo.ch\/de\/wp-json\/wp\/v2\/media?parent=9133"}],"wp:term":[{"taxonomy":"category","embeddable":true,"href":"https:\/\/www.kidstoo.ch\/de\/wp-json\/wp\/v2\/categories?post=9133"},{"taxonomy":"post_tag","embeddable":true,"href":"https:\/\/www.kidstoo.ch\/de\/wp-json\/wp\/v2\/tags?post=9133"}],"curies":[{"name":"wp","href":"https:\/\/api.w.org\/{rel}","templated":true}]}}