{"id":3945,"date":"2022-12-14T17:40:02","date_gmt":"2022-12-14T16:40:02","guid":{"rendered":"https:\/\/www.kidstoo.ch\/droit-de-la-filiation\/"},"modified":"2024-05-15T10:40:49","modified_gmt":"2024-05-15T08:40:49","slug":"droit-de-la-filiation","status":"publish","type":"post","link":"https:\/\/www.kidstoo.ch\/de\/droit-de-la-filiation\/","title":{"rendered":"Droit de la filiation"},"content":{"rendered":"\n<h4 class=\"wp-block-heading\">Droit de la filiation, 6\u00e8me \u00e9dition, enti\u00e8rement remani\u00e9e et mise \u00e0 jour<\/h4>\n\n\n\n<p><strong>R\u00e9sum\u00e9<\/strong><br>Voil\u00e0 bient\u00f4t 10 ans que le \u00ab&nbsp;nouveau&nbsp;\u00bb droit de la protection de l&#8217;adulte, entr\u00e9 en vigueur le 1er&nbsp;janvier 2013, aura remplac\u00e9 le droit de la tutelle de 1907. Le d\u00e9veloppement des instruments personnels anticip\u00e9s (mandat pour cause d&#8217;inaptitude, directives anticip\u00e9es en mati\u00e8re m\u00e9dicale) et des pouvoirs de repr\u00e9sentation l\u00e9gaux (conf\u00e9r\u00e9s aux proches notamment pour les d\u00e9cisions m\u00e9dicales), le calibrage de la mesure de curatelle ainsi qu&#8217;un respect accru de l&#8217;autod\u00e9termination de la personne prot\u00e9g\u00e9e en ont \u00e9t\u00e9 les principes directeurs. La nouvelle r\u00e9glementation a aussi entra\u00een\u00e9 des cons\u00e9quences importantes pour l&#8217;organisation des autorit\u00e9s de protection (professionnalis\u00e9es et tr\u00e8s largement r\u00e9gionalis\u00e9es) et le d\u00e9roulement des proc\u00e9dures de protection. M\u00eame s&#8217;il a parfois \u00e9t\u00e9 violemment attaqu\u00e9 par certains milieux politiques et m\u00e9diatiques, le nouveau droit a dans l&#8217;ensemble fait ses preuves et r\u00e9pondu aux attentes du l\u00e9gislateur.Cette nouvelle \u00e9dition, actualis\u00e9e et enrichie, tient compte de la doctrine, abondante, et de la jurisprudence, f\u00e9d\u00e9rale et cantonale, qui, depuis la publication de 2016, ont r\u00e9pondu \u00e0 nombre des questions laiss\u00e9es ouvertes par la r\u00e9vision. Elle prend aussi position sur les points qui restent d\u00e9battus.L&#8217;ouvrage est destin\u00e9 aux membres des autorit\u00e9s, des tribunaux et des services officiels, ainsi qu&#8217;\u00e0 toutes les professions impliqu\u00e9es dans la protection des adultes vuln\u00e9rables (travailleurs sociaux, avocats, notaires, psychiatres, fiduciaires \u2026). Il se veut aussi accessible aux \u00e9tudiants en droit et en sciences sociales.<br><br>L&#8217;ouvrage int\u00e8gre les r\u00e9visions l\u00e9gislatives du nouveau droit de l&#8217;autorit\u00e9 parentale (entr\u00e9 en vigueur le 1er juillet 2014), celui de l&#8217;entretien (entr\u00e9 un vigueur le 1er janvier 2017), de l&#8217;adoption (entr\u00e9 en vigueur le 1er janvier 2018) ainsi que les nouvelles dispositions relative au droit et au devoir d&#8217;aviser (entr\u00e9es en vigueur le 1er janvier 2019).<br>Le point commun aux grandes r\u00e9visions du droit de la famille des derni\u00e8res ann\u00e9es est leur caract\u00e8re pr\u00e9cipit\u00e9 et souvent peu structur\u00e9. On ne saurait reprocher aux politiques de se faire l&#8217;\u00e9cho des profondes mutations de la soci\u00e9t\u00e9 en g\u00e9n\u00e9ral et des rapports familiaux en particulier. Les novelles sont adopt\u00e9es sans avoir achev\u00e9 leur processus de maturation et il en r\u00e9sulte beaucoup d&#8217;incertitudes pour la pratique. Une prise en main rapide des probl\u00e9matiques par la doctrine et la jurisprudence (comme le Tribunal f\u00e9d\u00e9ral l&#8217;a fait en mati\u00e8re d&#8217;autorit\u00e9 parentale et de contribution de prise en charge) en devient d&#8217;autant plus cruciale. Les r\u00e9f\u00e9rences jurisprudentielles et doctrinales sont en principe arr\u00eat\u00e9es au 31 janvier 2019.<br><strong>\u00c9diteur<\/strong>: Schulthess, juin 2022.<br><strong>Auteurs<\/strong>:<br>Philippe Meier, Professeur ordinaire, Dr en droit et Avocat, Universit\u00e9 de Lausanne<br>Martin Stettler, Professeur honoraire, Dr en droit, Universit\u00e9 de Gen\u00e8ve<br><strong>Source<\/strong>: www.payot.ch et Avant-propos du livre<\/p>\n","protected":false},"excerpt":{"rendered":"<p>Droit de la filiation, 6\u00e8me \u00e9dition, enti\u00e8rement remani\u00e9e et mise \u00e0 jour R\u00e9sum\u00e9Voil\u00e0 bient\u00f4t 10 ans que le \u00ab&nbsp;nouveau&nbsp;\u00bb droit de la protection de l&#8217;adulte, entr\u00e9 en vigueur le 1er&nbsp;janvier 2013, aura remplac\u00e9 le droit de la tutelle de 1907. Le d\u00e9veloppement des instruments personnels anticip\u00e9s (mandat pour cause d&#8217;inaptitude, directives anticip\u00e9es en mati\u00e8re m\u00e9dicale) [&hellip;]<\/p>\n","protected":false},"author":8,"featured_media":4909,"comment_status":"open","ping_status":"open","sticky":false,"template":"","format":"standard","meta":{"_acf_changed":false,"footnotes":""},"categories":[25],"tags":[367],"class_list":["post-3945","post","type-post","status-publish","format-standard","has-post-thumbnail","hentry","category-news","tag-buch"],"acf":[],"aioseo_notices":[],"_links":{"self":[{"href":"https:\/\/www.kidstoo.ch\/de\/wp-json\/wp\/v2\/posts\/3945","targetHints":{"allow":["GET"]}}],"collection":[{"href":"https:\/\/www.kidstoo.ch\/de\/wp-json\/wp\/v2\/posts"}],"about":[{"href":"https:\/\/www.kidstoo.ch\/de\/wp-json\/wp\/v2\/types\/post"}],"author":[{"embeddable":true,"href":"https:\/\/www.kidstoo.ch\/de\/wp-json\/wp\/v2\/users\/8"}],"replies":[{"embeddable":true,"href":"https:\/\/www.kidstoo.ch\/de\/wp-json\/wp\/v2\/comments?post=3945"}],"version-history":[{"count":1,"href":"https:\/\/www.kidstoo.ch\/de\/wp-json\/wp\/v2\/posts\/3945\/revisions"}],"predecessor-version":[{"id":4911,"href":"https:\/\/www.kidstoo.ch\/de\/wp-json\/wp\/v2\/posts\/3945\/revisions\/4911"}],"wp:featuredmedia":[{"embeddable":true,"href":"https:\/\/www.kidstoo.ch\/de\/wp-json\/wp\/v2\/media\/4909"}],"wp:attachment":[{"href":"https:\/\/www.kidstoo.ch\/de\/wp-json\/wp\/v2\/media?parent=3945"}],"wp:term":[{"taxonomy":"category","embeddable":true,"href":"https:\/\/www.kidstoo.ch\/de\/wp-json\/wp\/v2\/categories?post=3945"},{"taxonomy":"post_tag","embeddable":true,"href":"https:\/\/www.kidstoo.ch\/de\/wp-json\/wp\/v2\/tags?post=3945"}],"curies":[{"name":"wp","href":"https:\/\/api.w.org\/{rel}","templated":true}]}}