{"id":3941,"date":"2023-03-05T15:31:11","date_gmt":"2023-03-05T14:31:11","guid":{"rendered":"https:\/\/www.kidstoo.ch\/reperer-et-eviter-les-douces-violences\/"},"modified":"2024-05-22T01:23:12","modified_gmt":"2024-05-21T23:23:12","slug":"reperer-et-eviter-les-douces-violences","status":"publish","type":"post","link":"https:\/\/www.kidstoo.ch\/de\/reperer-et-eviter-les-douces-violences\/","title":{"rendered":"Rep\u00e9rer et \u00e9viter les douces violences"},"content":{"rendered":"\n<h4 class=\"wp-block-heading\">Rep\u00e9rer et \u00e9viter les douces violences dans l&#8217;anodin du quotidien<\/h4>\n\n\n\n<p><strong>R\u00e9sum\u00e9<\/strong><br>Apr\u00e8s le succ\u00e8s de ses premiers ouvrages, Vivre en Cr\u00e8che, Rem\u00e9dier aux douces violences et R\u00e9aliser un projet accueil petite enfance, Christine Schuhl continue de bousculer notre confort. La voici \u00e0 pr\u00e9sent tourn\u00e9e vers notre quotidien. Que ce soit autour du b\u00e9b\u00e9, de l&#8217;adolescent, de l&#8217;adulte ou de la personne vieillissante, des paroles, des gestes, des attitudes blessantes parasitent nos relations. &#8220;Les douces Violences&#8221; semblent envahir notre vie\u2026 La vigueur des r\u00e9actions autour de cette th\u00e9matique des douces violences et l&#8217;accompagnement de nombreux professionnels de l&#8217;enfance ont pouss\u00e9 Christine Schuhl \u00e0 entreprendre cet ouvrage afin que notre regard change. C&#8217;est dans cet objectif que chaque bande dessin\u00e9e a pour but d&#8217;interpeller notre bon sens. Ce livre tendre et profond touche notre histoire, parce qu&#8217;il est tir\u00e9 d&#8217;un quotidien\u2026 apparemment sans histoire.<br>B\u00e9b\u00e9 va venir, b\u00e9b\u00e9 va grandir Enfant, pas si grand ! Ado, laissant, l&#8217;enfant devenu adulte Vieillir Et pourtant c&#8217;est possible.<br>Editeur Chronique Sociale, 2009<br><strong>Les auteur.e.s<\/strong><br>Christine Schuhl, \u00e9ducatrice de jeunes enfants avant d&#8217;\u00eatre universitaire, elle organise des formations et des conf\u00e9rences dans le secteur de la poire enfance depuis de nombreuses ann\u00e9es. Elle est \u00e9galement, depuis plusieurs ann\u00e9es r\u00e9dactrice en chef de la revue Les m\u00e9tiers de la petite enfance. C&#8217;est au cours de formations et de colloques aupr\u00e8s de professionnels de la petite enfance que l&#8217;id\u00e9e d&#8217;une bande dessin\u00e9e s&#8217;est impos\u00e9e. Formation Arts D\u00e9coratifs (ENSAD), Denis Dugas a exerc\u00e9 plusieurs professions. Dessinateur humoriste, illustrateur scientifique en \u00e9dition et presse France et \u00e9tranger, com\u00e9dien, marionnettiste et cr\u00e9ateur du dessin original de la marionnette Casimir, de Gribouille, Brok et Chnok, Isidore et Cl\u00e9mentine (TF1), cocr\u00e9ateur d&#8217;\u00e9missions scientifiques comme Plan\u00e8te Bleue et Objectif Demain (A2), producteur et responsable de Public-Image, soci\u00e9t\u00e9 de production de films et \u00e9v\u00e9nements et revenu au dessin, qui fut son premier m\u00e9tier.<br><strong>Source<\/strong>: www.payot.ch<\/p>\n","protected":false},"excerpt":{"rendered":"<p>Rep\u00e9rer et \u00e9viter les douces violences dans l&#8217;anodin du quotidien R\u00e9sum\u00e9Apr\u00e8s le succ\u00e8s de ses premiers ouvrages, Vivre en Cr\u00e8che, Rem\u00e9dier aux douces violences et R\u00e9aliser un projet accueil petite enfance, Christine Schuhl continue de bousculer notre confort. La voici \u00e0 pr\u00e9sent tourn\u00e9e vers notre quotidien. Que ce soit autour du b\u00e9b\u00e9, de l&#8217;adolescent, de [&hellip;]<\/p>\n","protected":false},"author":8,"featured_media":5048,"comment_status":"open","ping_status":"open","sticky":false,"template":"","format":"standard","meta":{"_acf_changed":false,"footnotes":""},"categories":[25],"tags":[367],"class_list":["post-3941","post","type-post","status-publish","format-standard","has-post-thumbnail","hentry","category-news","tag-buch"],"acf":[],"aioseo_notices":[],"_links":{"self":[{"href":"https:\/\/www.kidstoo.ch\/de\/wp-json\/wp\/v2\/posts\/3941","targetHints":{"allow":["GET"]}}],"collection":[{"href":"https:\/\/www.kidstoo.ch\/de\/wp-json\/wp\/v2\/posts"}],"about":[{"href":"https:\/\/www.kidstoo.ch\/de\/wp-json\/wp\/v2\/types\/post"}],"author":[{"embeddable":true,"href":"https:\/\/www.kidstoo.ch\/de\/wp-json\/wp\/v2\/users\/8"}],"replies":[{"embeddable":true,"href":"https:\/\/www.kidstoo.ch\/de\/wp-json\/wp\/v2\/comments?post=3941"}],"version-history":[{"count":1,"href":"https:\/\/www.kidstoo.ch\/de\/wp-json\/wp\/v2\/posts\/3941\/revisions"}],"predecessor-version":[{"id":4104,"href":"https:\/\/www.kidstoo.ch\/de\/wp-json\/wp\/v2\/posts\/3941\/revisions\/4104"}],"wp:featuredmedia":[{"embeddable":true,"href":"https:\/\/www.kidstoo.ch\/de\/wp-json\/wp\/v2\/media\/5048"}],"wp:attachment":[{"href":"https:\/\/www.kidstoo.ch\/de\/wp-json\/wp\/v2\/media?parent=3941"}],"wp:term":[{"taxonomy":"category","embeddable":true,"href":"https:\/\/www.kidstoo.ch\/de\/wp-json\/wp\/v2\/categories?post=3941"},{"taxonomy":"post_tag","embeddable":true,"href":"https:\/\/www.kidstoo.ch\/de\/wp-json\/wp\/v2\/tags?post=3941"}],"curies":[{"name":"wp","href":"https:\/\/api.w.org\/{rel}","templated":true}]}}