{"id":3186,"date":"2022-12-20T10:10:45","date_gmt":"2022-12-20T09:10:45","guid":{"rendered":"https:\/\/www.kidstoo.ch\/1er-blog-de-kidstoo-multilingue\/"},"modified":"2023-12-12T17:27:17","modified_gmt":"2023-12-12T16:27:17","slug":"1er-blog-de-kidstoo-multilingue","status":"publish","type":"post","link":"https:\/\/www.kidstoo.ch\/de\/1er-blog-de-kidstoo-multilingue\/","title":{"rendered":"1er blog de KidsToo multilingue"},"content":{"rendered":"\n<hr class=\"wp-block-separator has-alpha-channel-opacity\" id=\"1erblog_multi_FR\"\/>\n\n\n\n<p>F\u00fcr <a href=\"#1erblog_multi_DE\">deutsch<\/a>, per l&#8217;<a href=\"#1erblog_multi_IT\">italiano<\/a>, for <a href=\"#1erblog_multi_EN\">English<\/a><\/p>\n\n\n\n<p>Apr\u00e8s deux ans de travail de pr\u00e9paration \u00e0 l&#8217;abri des regards pour positionner la fondation, fixer ses axes de travail conform\u00e9ment aux buts statutaires adopt\u00e9s en d\u00e9cembre 2020,<\/p>\n\n\n\n<h2 class=\"wp-block-heading has-text-align-center\">Nous voil\u00e0 enfin !<\/h2>\n\n\n\n<p>Cet article marque le d\u00e9but de la pr\u00e9sence de la fondation KidsToo sur internet et les r\u00e9seaux sociaux.<\/p>\n\n\n\n<div class=\"wp-block-group is-style-box-color has-luminous-vivid-amber-background-color has-background is-layout-flow wp-block-group-is-layout-flow\">\n<h3 class=\"wp-block-heading\">Objectifs 2032<\/h3>\n\n\n\n<p>Nous nous battons pour changer les choses. Nous nous battons pour r\u00e9duire l\u2019impact de la violence domestique sur les enfants et am\u00e9liorer leur quotidien. Nous d\u00e9fendons une culture de la protection et soutenons une utilisation ad\u00e9quate des moyens publics en faveur des victimes dans le syst\u00e8me judiciaire. Un syst\u00e8me judiciaire qui soit en faveur des victimes plut\u00f4t que des auteurs. Un syst\u00e8me judiciaire qui reconnaisse les droits de ces victimes. Nous mettons tout en oeuvre pour que les enfants n\u2019aient plus \u00e0 subir les cons\u00e9quences d\u2019une justice inadapt\u00e9e, soient pr\u00e9serv\u00e9s au maximum et soient accompagn\u00e9s dans les meilleures conditions.<\/p>\n\n\n\n<p>La fondation a le soutien de son fondateur jusqu&#8217;en 2032.<\/p>\n\n\n\n<p>Si les actions de la fondation ne permettent pas ou pas assez d&#8217;avancer dans la r\u00e9alisation de ses objectifs, la poursuite de l&#8217;activit\u00e9 de la fondation sera r\u00e9-examin\u00e9e en 2032.<\/p>\n<\/div>\n\n\n\n<div class=\"wp-block-group is-style-box-color has-luminous-vivid-amber-background-color has-background is-layout-flow wp-block-group-is-layout-flow\">\n<h3 class=\"wp-block-heading\">Pr\u00e9sence sur les r\u00e9seaux sociaux<\/h3>\n\n\n\n<div class=\"wp-block-group is-style-box-color has-luminous-vivid-amber-background-color has-background is-layout-flow wp-block-group-is-layout-flow\">\n<h4 class=\"wp-block-heading\">LinkedIn<\/h4>\n\n\n\n<p>Parmi les personnes pr\u00e9sentes sur LinkedIn, nombreuses sont celles actives dans les domaines sociaux, associatifs en plus de celles pr\u00e9sentes dans l&#8217;\u00e9conomie priv\u00e9e.<\/p>\n\n\n\n<p>Avec sa page KidsToo, la fondation souhaite informer les personnes concern\u00e9es par la violence domestique de mani\u00e8re plus r\u00e9active que par le biais d&#8217;une newsletter. Et ceci avec un co\u00fbt moindre.<\/p>\n<\/div>\n\n\n\n<hr class=\"wp-block-separator has-alpha-channel-opacity\"\/>\n\n\n\n<div class=\"wp-block-group is-style-box-color has-luminous-vivid-amber-background-color has-background is-layout-flow wp-block-group-is-layout-flow\">\n<h4 class=\"wp-block-heading\">X (ex Twitter)<\/h4>\n\n\n\n<p>Actuellement, la fondation a d\u00e9cid\u00e9 d&#8217;\u00eatre pr\u00e9sente sur X sous @kidstoo_ch.<\/p>\n\n\n\n<p>Si les d\u00e9rives (appel \u00e0 la haine, rejet des diff\u00e9rences, etc.) devaient augmenter suite au rachat de Twitter par Mr Musk ou que des institutions suisses de r\u00e9f\u00e9rence devaient se retirer ou \u00eatre exclues, nous r\u00e9\u00e9valuerions notre pr\u00e9sence.<br>Le parlement suisse fait partie, entre autres, de ces institutions de r\u00e9f\u00e9rence.<\/p>\n\n\n\n<p>Nous utiliserons des hashtags peu utilis\u00e9s jusqu&#8217;\u00e0 maintenant pour faire conna\u00eetre \u00e0 la communaut\u00e9 X nos positions.<\/p>\n\n\n\n<h5 class=\"wp-block-heading\">#K2<\/h5>\n\n\n\n<p>Pour les articles \u00ab&nbsp;scientifiques&nbsp;\u00bb, \u00ab&nbsp;s\u00e9rieux&nbsp;\u00bb tels que des publications, m\u00e9dias ou nos rapports, qui vont dans le sens des buts de la fondation.<\/p>\n\n\n\n<h5 class=\"wp-block-heading\">#WR<\/h5>\n\n\n\n<p>Le W (double V) repr\u00e9sente la Violence et ses Victimes et le R la r\u00e9bellion contre ceci. Ce #WR est actuellement associ\u00e9 aux posts li\u00e9s aux records mondiaux (World Record).<br>La violence et ses victimes d\u00e9tiennent aussi une sorte de record mondial pour le temps mis \u00e0 combattre ce fl\u00e9au.<\/p>\n\n\n\n<h5 class=\"wp-block-heading\">#W031135<\/h5>\n\n\n\n<p><a href=\"https:\/\/www.fedlex.admin.ch\/eli\/cc\/2018\/168\/fr\">0.311.35<\/a> correspond \u00e0 l&#8217;adoption par la Suisse de la Convention du Conseil de l\u2019Europe sur la pr\u00e9vention et la lutte contre la violence \u00e0 l\u2019\u00e9gard des&nbsp;femmes et la violence domestique (convention d&#8217;Istanbul). Le W repr\u00e9sente le terme &#8220;Washing&#8221; par analogie au &#8220;Green Washing&#8221;.<br>Avec #W031135, KidsToo marquera les posts qu&#8217;elle consid\u00e8re comme de l'&#8221;Istanbul Washing&#8221;. Ceci sera l&#8217;approche &#8220;Name &amp; Shame&#8221; de la fondation.<br>On esp\u00e8re que nous n&#8217;aurons que peu d&#8217;occasions (le terme d&#8217;opportunit\u00e9 ne semble pas indiqu\u00e9 dans ce cas) de l&#8217;utiliser.<\/p>\n<\/div>\n<\/div>\n\n\n\n<hr class=\"wp-block-separator has-alpha-channel-opacity\" id=\"1erblog_multi_DE\"\/>\n\n\n\n<p><\/p>\n\n\n\n<p>Pour le <a href=\"#1erblog_multi_FR\" title=\"\">fran\u00e7ais<\/a>, per l&#8217;<a href=\"#1erblog_multi_IT\">italiano<\/a>, for <a href=\"#1erblog_multi_EN\">English<\/a><\/p>\n\n\n\n<p>Nach zweij\u00e4hriger Vorbereitungsarbeit im Verborgenen, um die Stiftung zu positionieren, ihre Arbeitsschwerpunkte gem\u00e4\u00df den im Dezember 2020 verabschiedeten satzungsm\u00e4\u00dfigen Zielen festzulegen,<\/p>\n\n\n\n<h2 class=\"wp-block-heading has-text-align-center\">Hier sind wir endlich!<\/h2>\n\n\n\n<p>Dieser Artikel markiert den Beginn der Pr\u00e4senz der KidsToo-Stiftung im Internet und in den sozialen Netzwerken.<\/p>\n\n\n\n<div class=\"wp-block-group is-style-box-color has-luminous-vivid-amber-background-color has-background is-layout-flow wp-block-group-is-layout-flow\">\n<h3 class=\"wp-block-heading\">Ziele 2032<\/h3>\n\n\n\n<p>Wir k\u00e4mpfen, um die Dinge zu \u00e4ndern. Wir k\u00e4mpfen daf\u00fcr, die Auswirkungen von h\u00e4uslicher Gewalt auf Kinder zu verringern und ihren Alltag zu verbessern. Wir treten f\u00fcr eine Kultur des Schutzes ein und unterst\u00fctzen eine angemessene Verwendung \u00f6ffentlicher Mittel zugunsten der Opfer im Justizsystem. Ein Rechtssystem, das sich f\u00fcr die Opfer und nicht f\u00fcr die T\u00e4ter einsetzt. Ein Justizsystem, das die Rechte dieser Opfer anerkennt. Wir setzen alles daran, dass Kinder nicht l\u00e4nger unter den Folgen einer unangemessenen Justiz leiden m\u00fcssen, dass sie so weit wie m\u00f6glich bewahrt und unter den besten Bedingungen betreut werden.<\/p>\n\n\n\n<p>Die Stiftung wird von ihrem Gr\u00fcnder bis 2032 unterst\u00fctzt.<\/p>\n\n\n\n<p>Sollten die Ma\u00dfnahmen der Stiftung keine oder nicht gen\u00fcgend Fortschritte bei der Erreichung ihrer Ziele erm\u00f6glichen, wird die Fortf\u00fchrung der Stiftung im Jahr 2032 erneut gepr\u00fcft.<\/p>\n<\/div>\n\n\n\n<div class=\"wp-block-group is-style-box-color has-luminous-vivid-amber-background-color has-background is-layout-flow wp-block-group-is-layout-flow\">\n<h3 class=\"wp-block-heading\">Pr\u00e4senz in sozialen Netzwerken<\/h3>\n\n\n\n<div class=\"wp-block-group is-style-box-color has-luminous-vivid-amber-background-color has-background is-layout-flow wp-block-group-is-layout-flow\">\n<h4 class=\"wp-block-heading\">LinkedIn<\/h4>\n\n\n\n<p>Unter den Personen, die auf LinkedIn pr\u00e4sent sind, gibt es viele, die neben den in der Privatwirtschaft t\u00e4tigen Personen auch in sozialen und gemeinn\u00fctzigen Bereichen aktiv sind.<\/p>\n\n\n\n<p>Mit ihrer KidsToo-Seite m\u00f6chte die Stiftung die von h\u00e4uslicher Gewalt betroffenen Personen reaktiver informieren als \u00fcber einen Newsletter. Und dies mit geringeren Kosten.<\/p>\n<\/div>\n\n\n\n<hr class=\"wp-block-separator has-alpha-channel-opacity\"\/>\n\n\n\n<div class=\"wp-block-group is-style-box-color has-luminous-vivid-amber-background-color has-background is-layout-flow wp-block-group-is-layout-flow\">\n<h4 class=\"wp-block-heading\">Twitter<\/h4>\n\n\n\n<p>Aktuell hat die Stiftung beschlossen, auf Twitter unter @kidstoo_ch pr\u00e4sent zu sein.<\/p>\n\n\n\n<p>Sollten die Ausw\u00fcchse (Aufruf zum Hass, Ablehnung von Unterschieden usw.) infolge der \u00dcbernahme des Unternehmens durch Herrn Musk zunehmen oder sollten sich Schweizer Referenzinstitutionen zur\u00fcckziehen oder ausgeschlossen werden, werden wir unsere Pr\u00e4senz neu bewerten.<br>Das Schweizer Parlament geh\u00f6rt unter anderem zu diesen Referenzinstitutionen.<\/p>\n\n\n\n<p>Wir werden bislang wenig genutzte Hashtags verwenden, um der Twitter-Gemeinschaft unsere Positionen zu vermitteln.<\/p>\n\n\n\n<h5 class=\"wp-block-heading\">#K2<\/h5>\n\n\n\n<p>F\u00fcr &#8220;wissenschaftliche&#8221;, &#8220;seri\u00f6se&#8221; Artikel wie Publikationen, Medien oder unsere Berichte, die den Zielen der Stiftung entsprechen.<\/p>\n\n\n\n<h5 class=\"wp-block-heading\">#WR<\/h5>\n\n\n\n<p>Das W (Doppel-V) steht f\u00fcr Gewalt (Violence auf franz\u00f6sisch) und ihre Opfer (Victime auf franz\u00f6sich) und das R f\u00fcr die Rebellion dagegen. Dieses #WR ist derzeit mit Posts verbunden, die sich auf Weltrekorde (World Record) beziehen.<br>Gewalt und ihre Opfer halten auch eine Art Weltrekord f\u00fcr die Zeit, die zur Bek\u00e4mpfung dieser Gei\u00dfel ben\u00f6tigt wird.<\/p>\n\n\n\n<h5 class=\"wp-block-heading\">#W031135<\/h5>\n\n\n\n<p><a href=\"https:\/\/www.fedlex.admin.ch\/eli\/cc\/2018\/168\/de\">0.311.35<\/a>  steht f\u00fcr die Annahme des \u00dcbereinkommens des Europarats zur Verh\u00fctung und Bek\u00e4mpfung von Gewalt gegen Frauen und h\u00e4uslicher Gewalt (Istanbul-Konvention) durch die Schweiz. Das W steht f\u00fcr den Begriff &#8220;Washing&#8221; in Analogie zu &#8220;Green Washing&#8221;.<br>Mit #W031135 wird KidsToo Posts markieren, die sie als &#8220;Istanbul Washing&#8221; ansieht. Dies wird der &#8220;Name &amp; Shame&#8221;-Ansatz der Stiftung sein.<br>Wir hoffen, dass wir nur wenige Gelegenheiten (der Begriff Gelegenheit scheint in diesem Fall nicht angebracht) haben werden, ihn zu verwenden.<\/p>\n<\/div>\n<\/div>\n\n\n\n<p><\/p>\n\n\n\n<p id=\"1erblog_multi_EN\">Pour le <a href=\"#1erblog_multi_FR\">fran\u00e7ais<\/a>, f\u00fcr <a href=\"#1erblog_multi_DE\">deutsch<\/a>, per l&#8217;<a href=\"#1erblog_multi_IT\">italiano<\/a><\/p>\n\n\n\n<p>After two years of preparatory work behind closed doors to position the foundation and set out its work in accordance with the statutory goals adopted in December 2020,<\/p>\n\n\n\n<h2 class=\"wp-block-heading has-text-align-center\">Here we are, finally!<\/h2>\n\n\n\n<p>This article marks the beginning of the KidsToo Foundation&#8217;s presence on the internet and social networks.<\/p>\n\n\n\n<div class=\"wp-block-group is-style-box-color has-luminous-vivid-amber-background-color has-background is-layout-flow wp-block-group-is-layout-flow\">\n<h3 class=\"wp-block-heading\">Goals 2032<\/h3>\n\n\n\n<p>We are fighting to change things. We are fighting to reduce the impact of domestic violence on children and improve their lives. We advocate a culture of protection and support the proper use of public resources for victims in the justice system. A justice system that favours victims rather than perpetrators. A justice system that recognises the rights of these victims. We do our utmost to ensure that children no longer have to suffer the consequences of inadequate justice, that they are preserved to the maximum extent possible and that they are accompanied in the best conditions.<\/p>\n\n\n\n<p>The foundation has the support of its founder until 2032.<\/p>\n\n\n\n<p>If the Foundation&#8217;s actions do not or not sufficiently advance its objectives, the continuation of the Foundation&#8217;s activity will be re-examined in 2032.<\/p>\n<\/div>\n\n\n\n<div class=\"wp-block-group is-style-box-color has-luminous-vivid-amber-background-color has-background is-layout-flow wp-block-group-is-layout-flow\">\n<h3 class=\"wp-block-heading\">Presence on social networks<\/h3>\n\n\n\n<div class=\"wp-block-group is-style-box-color has-luminous-vivid-amber-background-color has-background is-layout-flow wp-block-group-is-layout-flow\">\n<h4 class=\"wp-block-heading\">LinkedIn<\/h4>\n\n\n\n<p>Many of the people on LinkedIn are active in the social and associative fields in addition to those in the private sector.<\/p>\n\n\n\n<p>With its KidsToo page, the foundation wants to inform people affected by domestic violence in a more reactive way than through a newsletter. And this at a lower cost.<\/p>\n<\/div>\n\n\n\n<hr class=\"wp-block-separator has-alpha-channel-opacity\"\/>\n\n\n\n<div class=\"wp-block-group is-style-box-color has-luminous-vivid-amber-background-color has-background is-layout-flow wp-block-group-is-layout-flow\">\n<h4 class=\"wp-block-heading\">Twitter<\/h4>\n\n\n\n<p>Currently, the foundation has decided to be present on Twitter under @kidstoo_ch.<\/p>\n\n\n\n<p>If the excesses (hate speech, rejection of differences, etc.) increase after Mr Musk&#8217;s takeover of the company or if Swiss institutions of reference withdraw or are excluded, we will reassess our presence.<br>The Swiss parliament is one of these reference institutions.<\/p>\n\n\n\n<p>We will use hashtags that have not been used much so far to let the Twitter community know where we stand.<\/p>\n\n\n\n<h5 class=\"wp-block-heading\">#K2<\/h5>\n\n\n\n<p>For &#8220;scientific&#8221;, &#8220;serious&#8221; articles such as publications, media or our reports, which are in line with the aims of the foundation.<\/p>\n\n\n\n<h5 class=\"wp-block-heading\">#WR<\/h5>\n\n\n\n<p>The W (double V) represents Violence and its Victims and the R represents rebellion against this. This #WR is currently associated with posts related to World Records.<br>Violence and its victims also hold a kind of world record for the time taken to fight this scourge.<\/p>\n\n\n\n<h5 class=\"wp-block-heading\">#W031135<\/h5>\n\n\n\n<p><a href=\"https:\/\/www.fedlex.admin.ch\/eli\/cc\/2018\/168\/fr\">0.311.35<\/a> corresponds to the adoption by Switzerland of the Council of Europe Convention on preventing and combating violence against women and domestic violence (Istanbul Convention). The W stands for &#8220;Washing&#8221; by analogy with &#8220;Green Washing&#8221;.<br>With #W031135, KidsToo will mark posts that it considers to be &#8220;Istanbul Washing&#8221;. This will be the foundation&#8217;s &#8220;Name &amp; Shame&#8221; approach.<br>Hopefully we will have few opportunities (opportunity does not seem to be the right word in this case) to use it.<\/p>\n<\/div>\n<\/div>\n\n\n\n<hr class=\"wp-block-separator has-alpha-channel-opacity\" id=\"1erblog_multi_DE\"\/>\n\n\n\n<p><\/p>\n\n\n\n<p id=\"1erblog_multi_IT\">Pour le <a href=\"#1erblog_multi_FR\">fran\u00e7ais<\/a>, F\u00fcr <a href=\"#1erblog_multi_DE\">deutsch<\/a>, for <a href=\"#1erblog_multi_EN\">English<\/a><\/p>\n\n\n\n<p>Dopo due anni di lavoro preparatorio a porte chiuse per posizionare la fondazione, per definire i suoi assi di lavoro in conformit\u00e0 con gli obiettivi statutari adottati nel dicembre 2020,<\/p>\n\n\n\n<h2 class=\"wp-block-heading has-text-align-center\">Finalmente ci siamo!<\/h2>\n\n\n\n<p>Questo articolo segna l&#8217;inizio della presenza della Fondazione KidsToo su Internet e sui social network.<\/p>\n\n\n\n<div class=\"wp-block-group is-style-box-color has-luminous-vivid-amber-background-color has-background is-layout-flow wp-block-group-is-layout-flow\">\n<h3 class=\"wp-block-heading\">Obiettivi 2032<\/h3>\n\n\n\n<p>Stiamo lottando per cambiare le cose. Ci battiamo per ridurre l&#8217;impatto della violenza domestica sui bambini e migliorare le loro vite. Sosteniamo una cultura della protezione e l&#8217;uso corretto delle risorse pubbliche per le vittime nel sistema giudiziario. Un sistema giudiziario che favorisca le vittime piuttosto che i colpevoli. Un sistema giudiziario che riconosca i diritti di queste vittime. Facciamo del nostro meglio per garantire che i bambini non debbano pi\u00f9 subire le conseguenze di una giustizia inadeguata, che siano preservati il pi\u00f9 possibile e che siano accompagnati nelle migliori condizioni.<\/p>\n\n\n\n<p>La fondazione gode del sostegno del suo fondatore fino al 2032.<\/p>\n\n\n\n<p>Se le azioni della Fondazione non raggiungono i suoi obiettivi, o non li raggiungono sufficientemente, la continuazione delle attivit\u00e0 della Fondazione sar\u00e0 riesaminata nel 2032.<\/p>\n<\/div>\n\n\n\n<div class=\"wp-block-group is-style-box-color has-luminous-vivid-amber-background-color has-background is-layout-flow wp-block-group-is-layout-flow\">\n<h3 class=\"wp-block-heading\">Presenza sui social network<\/h3>\n\n\n\n<div class=\"wp-block-group is-style-box-color has-luminous-vivid-amber-background-color has-background is-layout-flow wp-block-group-is-layout-flow\">\n<h4 class=\"wp-block-heading\">LinkedIn<\/h4>\n\n\n\n<p>Molte persone su LinkedIn sono attive in ambito sociale e associativo, oltre che nel settore privato.<\/p>\n\n\n\n<p>Con la pagina KidsToo, la fondazione vuole informare le persone colpite dalla violenza domestica in modo pi\u00f9 reattivo rispetto a una newsletter. E questo a un costo inferiore.<\/p>\n<\/div>\n\n\n\n<hr class=\"wp-block-separator has-alpha-channel-opacity\"\/>\n\n\n\n<div class=\"wp-block-group is-style-box-color has-luminous-vivid-amber-background-color has-background is-layout-flow wp-block-group-is-layout-flow\">\n<h4 class=\"wp-block-heading\">Twitter<\/h4>\n\n\n\n<p>Attualmente, la fondazione ha deciso di essere presente su Twitter con il nome di @kidstoo_ch.<\/p>\n\n\n\n<p>Se gli eccessi (odio, rifiuto delle differenze, ecc.) dovessero aumentare dopo l&#8217;acquisizione dell&#8217;azienda da parte di Musk o se le istituzioni svizzere di riferimento dovessero ritirarsi o essere escluse, rivaluteremo la nostra presenza.<br>Il Parlamento svizzero \u00e8 una di queste istituzioni di riferimento.<\/p>\n\n\n\n<p>Utilizzeremo hashtag che finora non sono stati molto usati per far conoscere alla comunit\u00e0 di Twitter la nostra posizione.<\/p>\n\n\n\n<h5 class=\"wp-block-heading\">#K2<\/h5>\n\n\n\n<p>Per articoli &#8220;scientifici&#8221;, &#8220;seri&#8221;, come pubblicazioni, media o nostri rapporti, che siano in linea con gli obiettivi della fondazione.<\/p>\n\n\n\n<h5 class=\"wp-block-heading\">#WR<\/h5>\n\n\n\n<p>La W (doppia V) rappresenta la Violenza e le sue Vittime e la R rappresenta la Ribellione contro di essa. Questo #WR \u00e8 attualmente associato a post relativi a Record mondiali.<br>La violenza e le sue vittime detengono anche una sorta di record mondiale per quanto riguarda il tempo necessario a combattere questo flagello.<\/p>\n\n\n\n<h5 class=\"wp-block-heading\">#W031135<\/h5>\n\n\n\n<p><a href=\"https:\/\/www.fedlex.admin.ch\/eli\/cc\/2018\/168\/fr\">0.311.35<\/a> corrisponde all&#8217;adozione da parte della Svizzera della Convenzione del Consiglio d&#8217;Europa sulla prevenzione e la lotta alla violenza contro le donne e la violenza domestica (Convenzione di Istanbul). La W sta per &#8220;Washing&#8221;, per analogia con &#8220;Green Washing&#8221;.<br>Con #W031135, KidsToo contrassegner\u00e0 i post che considera &#8220;lavaggio di Istanbul&#8221;. Questo sar\u00e0 l&#8217;approccio &#8220;Name &amp; Shame&#8221; della fondazione.<br>Speriamo di avere poche occasioni (opportunit\u00e0 non sembra essere la parola giusta in questo caso) per usarlo.<\/p>\n<\/div>\n<\/div>\n\n\n\n<hr class=\"wp-block-separator has-alpha-channel-opacity\" id=\"1erblog_multi_DE\"\/>\n\n\n\n<p><\/p>\n","protected":false},"excerpt":{"rendered":"<p>F\u00fcr deutsch, per l&#8217;italiano, for English Apr\u00e8s deux ans de travail de pr\u00e9paration \u00e0 l&#8217;abri des regards pour positionner la fondation, fixer ses axes de travail conform\u00e9ment aux buts statutaires adopt\u00e9s en d\u00e9cembre 2020, Nous voil\u00e0 enfin ! Cet article marque le d\u00e9but de la pr\u00e9sence de la fondation KidsToo sur internet et les r\u00e9seaux [&hellip;]<\/p>\n","protected":false},"author":8,"featured_media":0,"comment_status":"open","ping_status":"open","sticky":false,"template":"","format":"standard","meta":{"_acf_changed":false,"footnotes":""},"categories":[332],"tags":[],"class_list":["post-3186","post","type-post","status-publish","format-standard","hentry","category-a-mettre-en-avant"],"acf":[],"aioseo_notices":[],"_links":{"self":[{"href":"https:\/\/www.kidstoo.ch\/de\/wp-json\/wp\/v2\/posts\/3186","targetHints":{"allow":["GET"]}}],"collection":[{"href":"https:\/\/www.kidstoo.ch\/de\/wp-json\/wp\/v2\/posts"}],"about":[{"href":"https:\/\/www.kidstoo.ch\/de\/wp-json\/wp\/v2\/types\/post"}],"author":[{"embeddable":true,"href":"https:\/\/www.kidstoo.ch\/de\/wp-json\/wp\/v2\/users\/8"}],"replies":[{"embeddable":true,"href":"https:\/\/www.kidstoo.ch\/de\/wp-json\/wp\/v2\/comments?post=3186"}],"version-history":[{"count":5,"href":"https:\/\/www.kidstoo.ch\/de\/wp-json\/wp\/v2\/posts\/3186\/revisions"}],"predecessor-version":[{"id":4241,"href":"https:\/\/www.kidstoo.ch\/de\/wp-json\/wp\/v2\/posts\/3186\/revisions\/4241"}],"wp:attachment":[{"href":"https:\/\/www.kidstoo.ch\/de\/wp-json\/wp\/v2\/media?parent=3186"}],"wp:term":[{"taxonomy":"category","embeddable":true,"href":"https:\/\/www.kidstoo.ch\/de\/wp-json\/wp\/v2\/categories?post=3186"},{"taxonomy":"post_tag","embeddable":true,"href":"https:\/\/www.kidstoo.ch\/de\/wp-json\/wp\/v2\/tags?post=3186"}],"curies":[{"name":"wp","href":"https:\/\/api.w.org\/{rel}","templated":true}]}}