{"id":2900,"date":"2022-10-09T21:26:44","date_gmt":"2022-10-09T19:26:44","guid":{"rendered":"https:\/\/www.kidstoo.ch\/?p=2900"},"modified":"2023-03-15T21:47:04","modified_gmt":"2023-03-15T20:47:04","slug":"1-blog-von-kidstoo","status":"publish","type":"post","link":"https:\/\/www.kidstoo.ch\/de\/1-blog-von-kidstoo\/","title":{"rendered":"1. Blog von KidsToo"},"content":{"rendered":"\n<p>Nach zweij\u00e4hriger Vorbereitungsarbeit im Verborgenen, um die Stiftung zu positionieren, ihre Arbeitsschwerpunkte gem\u00e4\u00df den im Dezember 2020 verabschiedeten satzungsm\u00e4\u00dfigen Zielen festzulegen,<\/p>\n\n\n\n<h2 class=\"has-text-align-center wp-block-heading\">Endlich sind wir da!<\/h2>\n\n\n\n<p>Dieser Artikel markiert den Beginn der Pr\u00e4senz der KidsToo Foundation im Internet und in sozialen Netzwerken.<\/p>\n\n\n\n<div class=\"wp-block-group is-style-box-color has-luminous-vivid-amber-background-color has-background is-layout-flow wp-block-group-is-layout-flow\">\n<h3 class=\"wp-block-heading\">Ziele 2032<\/h3>\n\n\n\n<p>Wir k\u00e4mpfen daf\u00fcr, die Dinge zu \u00e4ndern. Wir k\u00e4mpfen daf\u00fcr, die Auswirkungen h\u00e4uslicher Gewalt auf Kinder zu verringern und ihren Alltag zu verbessern. Wir treten f\u00fcr eine Kultur des Schutzes ein und unterst\u00fctzen eine angemessene Verwendung \u00f6ffentlicher Mittel zugunsten der Opfer im Justizsystem. Ein Rechtssystem, das sich f\u00fcr die Opfer und nicht f\u00fcr die T\u00e4ter einsetzt. Ein Justizsystem, das die Rechte dieser Opfer anerkennt. Wir setzen alles daran, dass Kinder nicht l\u00e4nger unter den Folgen einer unangemessenen Justiz leiden m\u00fcssen, dass sie so weit wie m\u00f6glich gesch\u00fctzt werden und dass sie unter den besten Bedingungen begleitet werden.<\/p>\n\n\n\n<p>Die Stiftung wird bis 2032 von ihrem Gr\u00fcnder unterst\u00fctzt.<\/p>\n\n\n\n<p>Wenn die Ma\u00dfnahmen der Stiftung keine oder nur unzureichende Fortschritte bei der Erreichung ihrer Ziele bewirken, wird die weitere T\u00e4tigkeit der Stiftung im Jahr 2032 erneut gepr\u00fcft.<\/p>\n<\/div>\n\n\n\n<div class=\"wp-block-group is-style-box-color has-luminous-vivid-amber-background-color has-background is-layout-flow wp-block-group-is-layout-flow\">\n<h3 class=\"wp-block-heading\">Pr\u00e4senz in sozialen Netzwerken<\/h3>\n\n\n\n<div class=\"wp-block-group is-style-box-color has-luminous-vivid-amber-background-color has-background is-layout-flow wp-block-group-is-layout-flow\">\n<h4 class=\"wp-block-heading\">LinkedIn<\/h4>\n\n\n\n<p>Unter den Personen, die auf LinkedIn vertreten sind, gibt es neben denjenigen, die in der Privatwirtschaft t\u00e4tig sind, auch viele, die in sozialen und gemeinn\u00fctzigen Bereichen aktiv sind.Unter den Personen, die auf LinkedIn vertreten sind, gibt es neben denjenigen, die in der Privatwirtschaft t\u00e4tig sind, auch viele, die in sozialen und gemeinn\u00fctzigen Bereichen aktiv sind.<\/p>\n\n\n\n<p>Mit ihrer KidsToo-Seite m\u00f6chte die Stiftung die von h\u00e4uslicher Gewalt Betroffenen reaktionsschneller als \u00fcber einen Newsletter informieren. Und dies mit geringeren Kosten.<\/p>\n<\/div>\n\n\n\n<hr class=\"wp-block-separator has-alpha-channel-opacity\"\/>\n\n\n\n<div class=\"wp-block-group is-style-box-color has-luminous-vivid-amber-background-color has-background is-layout-flow wp-block-group-is-layout-flow\">\n<h4 class=\"wp-block-heading\">Twitter<\/h4>\n\n\n\n<p>Aktuell hat sich die Stiftung entschieden, auf Twitter pr\u00e4sent zu sein unter @kidstoo_ch.<\/p>\n\n\n\n<p>Sollten die Fehlentwicklungen (Aufruf zum Hass, Ablehnung von Unterschieden usw.) infolge der \u00dcbernahme des Unternehmens durch Herrn Musk zunehmen oder sollten sich Schweizer Referenzinstitutionen zur\u00fcckziehen oder ausgeschlossen werden, werden wir unsere Pr\u00e4senz neu bewerten.<br>Zu diesen Referenzinstitutionen geh\u00f6rt unter anderem das Schweizer Parlament.<\/p>\n\n\n\n<p>Wir werden bisher kaum genutzte Hashtags verwenden, um der Twitter-Gemeinde unsere Positionen mitzuteilen.<\/p>\n\n\n\n<h5 class=\"wp-block-heading\">#K2<\/h5>\n\n\n\n<p>F\u00fcr &#8220;wissenschaftliche&#8221;, &#8220;seri\u00f6se&#8221; Artikel wie Publikationen, Medien oder unsere Berichte, die die Ziele der Stiftung unterst\u00fctzen.<\/p>\n\n\n\n<h5 class=\"wp-block-heading\">#WR<\/h5>\n\n\n\n<p>Das W (Doppel-V) steht f\u00fcr Gewalt und ihre Opfer und das R f\u00fcr die Rebellion dagegen.<br>Dieses #WR wird derzeit mit Beitr\u00e4gen in Verbindung gebracht, die sich auf Weltrekorde (World Records) beziehen. Gewalt und ihre Opfer halten auch eine Art Weltrekord f\u00fcr die Zeit, die zur Bek\u00e4mpfung dieser Gei\u00dfel ben\u00f6tigt wird.<\/p>\n\n\n\n<h5 class=\"wp-block-heading\">#W031135<\/h5>\n\n\n\n<p><a href=\"https:\/\/www.fedlex.admin.ch\/eli\/cc\/2018\/168\/de\">0.311.35<\/a> steht f\u00fcr die Annahme des \u00dcbereinkommens des Europarats zur Verh\u00fctung und Bek\u00e4mpfung von Gewalt gegen Frauen und h\u00e4uslicher Gewalt (Istanbul-Konvention) durch die Schweiz. Das W steht f\u00fcr den Begriff &#8220;Washing&#8221; in Analogie zu &#8220;Green Washing&#8221;.<br>Mit #W031135 wird KidsToo Posts markieren, die sie als &#8220;Istanbul Washing&#8221; ansieht. Dies wird der &#8220;Name &amp; Shame&#8221;-Ansatz der Stiftung sein.<br>Wir hoffen, dass wir nur wenige Gelegenheiten (der Begriff Gelegenheit scheint in diesem Fall nicht angebracht) haben werden, ihn zu verwenden.<\/p>\n<\/div>\n<\/div>\n","protected":false},"excerpt":{"rendered":"<p>Nach zweij\u00e4hriger Vorbereitungsarbeit im Verborgenen, um die Stiftung zu positionieren, ihre Arbeitsschwerpunkte gem\u00e4\u00df den im Dezember 2020 verabschiedeten satzungsm\u00e4\u00dfigen Zielen festzulegen, Endlich sind wir da! Dieser Artikel markiert den Beginn der Pr\u00e4senz der KidsToo Foundation im Internet und in sozialen Netzwerken. Ziele 2032 Wir k\u00e4mpfen daf\u00fcr, die Dinge zu \u00e4ndern. Wir k\u00e4mpfen daf\u00fcr, die Auswirkungen [&hellip;]<\/p>\n","protected":false},"author":8,"featured_media":0,"comment_status":"open","ping_status":"open","sticky":false,"template":"","format":"standard","meta":{"_acf_changed":false,"footnotes":""},"categories":[332],"tags":[],"class_list":["post-2900","post","type-post","status-publish","format-standard","hentry","category-a-mettre-en-avant"],"acf":[],"aioseo_notices":[],"_links":{"self":[{"href":"https:\/\/www.kidstoo.ch\/de\/wp-json\/wp\/v2\/posts\/2900","targetHints":{"allow":["GET"]}}],"collection":[{"href":"https:\/\/www.kidstoo.ch\/de\/wp-json\/wp\/v2\/posts"}],"about":[{"href":"https:\/\/www.kidstoo.ch\/de\/wp-json\/wp\/v2\/types\/post"}],"author":[{"embeddable":true,"href":"https:\/\/www.kidstoo.ch\/de\/wp-json\/wp\/v2\/users\/8"}],"replies":[{"embeddable":true,"href":"https:\/\/www.kidstoo.ch\/de\/wp-json\/wp\/v2\/comments?post=2900"}],"version-history":[{"count":3,"href":"https:\/\/www.kidstoo.ch\/de\/wp-json\/wp\/v2\/posts\/2900\/revisions"}],"predecessor-version":[{"id":3826,"href":"https:\/\/www.kidstoo.ch\/de\/wp-json\/wp\/v2\/posts\/2900\/revisions\/3826"}],"wp:attachment":[{"href":"https:\/\/www.kidstoo.ch\/de\/wp-json\/wp\/v2\/media?parent=2900"}],"wp:term":[{"taxonomy":"category","embeddable":true,"href":"https:\/\/www.kidstoo.ch\/de\/wp-json\/wp\/v2\/categories?post=2900"},{"taxonomy":"post_tag","embeddable":true,"href":"https:\/\/www.kidstoo.ch\/de\/wp-json\/wp\/v2\/tags?post=2900"}],"curies":[{"name":"wp","href":"https:\/\/api.w.org\/{rel}","templated":true}]}}