{"id":12631,"date":"2026-08-31T07:15:00","date_gmt":"2026-08-31T05:15:00","guid":{"rendered":"https:\/\/www.kidstoo.ch\/?p=12631"},"modified":"2026-08-31T07:15:58","modified_gmt":"2026-08-31T05:15:58","slug":"%f0%9f%8e%ac-projection-du-film-linvisible-elephant-25-novembre-delemont","status":"publish","type":"post","link":"https:\/\/www.kidstoo.ch\/de\/%f0%9f%8e%ac-projection-du-film-linvisible-elephant-25-novembre-delemont\/","title":{"rendered":"\ud83c\udfac Projection du film L\u2019Invisible \u00c9l\u00e9phant \u2013 25 novembre, Del\u00e9mont"},"content":{"rendered":"\n<p class=\"wp-block-paragraph\">\ud83c\udfac <strong>Projection du film <em>L\u2019Invisible \u00c9l\u00e9phant<\/em> \u2013 25 novembre, Del\u00e9mont<\/strong><\/p>\n\n\n\n<p class=\"wp-block-paragraph\">\u00c0 l\u2019occasion de la Journ\u00e9e internationale pour l\u2019\u00e9limination de la violence \u00e0 l\u2019\u00e9gard des femmes, KidsToo est heureuse de s\u2019associer au Bureau de la D\u00e9l\u00e9gu\u00e9e \u00e0 l\u2019\u00e9galit\u00e9 du Jura pour une soir\u00e9e de sensibilisation au <strong>Cinemont<\/strong> \u00e0 Del\u00e9mont.<\/p>\n\n\n\n<p class=\"wp-block-paragraph\">Le film-documentaire <em>L\u2019Invisible \u00c9l\u00e9phant<\/em> (Association A la Vista) met en lumi\u00e8re une r\u00e9alit\u00e9 encore souvent invisibilis\u00e9e : <strong>l\u2019enfant aussi est victime des violences domestiques<\/strong>.<\/p>\n\n\n\n<p class=\"wp-block-paragraph\">La projection sera suivie d\u2019une <strong>table ronde<\/strong> avec des expert-e-s.<\/p>\n\n\n\n<p class=\"wp-block-paragraph\">\ud83d\udcc5 <strong>25 novembre<\/strong><br>\ud83d\udccd <strong>Cinemont, Del\u00e9mont<\/strong><\/p>\n\n\n\n<p class=\"wp-block-paragraph\">\ud83d\udc49 <strong>R\u00e9servez d\u2019ores et d\u00e9j\u00e0 la date dans vos agendas.<\/strong><br>Les informations d\u00e9taill\u00e9es seront communiqu\u00e9es prochainement.<\/p>\n\n\n\n<figure class=\"wp-block-image size-full\"><img loading=\"lazy\" decoding=\"async\" width=\"1200\" height=\"1200\" src=\"https:\/\/www.kidstoo.ch\/app\/uploads\/Invisible-Elephant-Save-the-date-2.png\" alt=\"\" class=\"wp-image-12620\" srcset=\"https:\/\/www.kidstoo.ch\/app\/uploads\/Invisible-Elephant-Save-the-date-2.png 1200w, https:\/\/www.kidstoo.ch\/app\/uploads\/Invisible-Elephant-Save-the-date-2-300x300.png 300w, https:\/\/www.kidstoo.ch\/app\/uploads\/Invisible-Elephant-Save-the-date-2-1024x1024.png 1024w, https:\/\/www.kidstoo.ch\/app\/uploads\/Invisible-Elephant-Save-the-date-2-150x150.png 150w, https:\/\/www.kidstoo.ch\/app\/uploads\/Invisible-Elephant-Save-the-date-2-768x768.png 768w\" sizes=\"auto, (max-width: 1200px) 100vw, 1200px\" \/><\/figure>\n","protected":false},"excerpt":{"rendered":"<p>\ud83c\udfac Projection du film L\u2019Invisible \u00c9l\u00e9phant \u2013 25 novembre, Del\u00e9mont \u00c0 l\u2019occasion de la Journ\u00e9e internationale pour l\u2019\u00e9limination de la violence \u00e0 l\u2019\u00e9gard des femmes, KidsToo est heureuse de s\u2019associer au Bureau de la D\u00e9l\u00e9gu\u00e9e \u00e0 l\u2019\u00e9galit\u00e9 du Jura pour une soir\u00e9e de sensibilisation au Cinemont \u00e0 Del\u00e9mont. Le film-documentaire L\u2019Invisible \u00c9l\u00e9phant (Association A la [&hellip;]<\/p>\n","protected":false},"author":9,"featured_media":12626,"comment_status":"closed","ping_status":"closed","sticky":false,"template":"","format":"standard","meta":{"_acf_changed":false,"footnotes":""},"categories":[25],"tags":[371,521],"class_list":["post-12631","post","type-post","status-publish","format-standard","has-post-thumbnail","hentry","category-news","tag-kidstoo-de","tag-soziale-medien"],"acf":[],"aioseo_notices":[],"aioseo_head":"\n\t\t<!-- All in One SEO 4.9.9 - aioseo.com -->\n\t<meta name=\"description\" content=\"\ud83c\udfac Projection du film L\u2019Invisible \u00c9l\u00e9phant \u2013 25 novembre, Del\u00e9mont \u00c0 l\u2019occasion de la Journ\u00e9e internationale pour l\u2019\u00e9limination de la violence \u00e0 l\u2019\u00e9gard des femmes, KidsToo est heureuse de s\u2019associer au Bureau de la D\u00e9l\u00e9gu\u00e9e \u00e0 l\u2019\u00e9galit\u00e9 du Jura pour une soir\u00e9e de sensibilisation au Cinemont \u00e0 Del\u00e9mont. Le film-documentaire L\u2019Invisible \u00c9l\u00e9phant (Association A la\" \/>\n\t<meta name=\"robots\" content=\"max-image-preview:large\" \/>\n\t<meta name=\"author\" content=\"Amandine Bovay\"\/>\n\t<link rel=\"canonical\" href=\"https:\/\/www.kidstoo.ch\/de\/%f0%9f%8e%ac-projection-du-film-linvisible-elephant-25-novembre-delemont\/\" \/>\n\t<meta name=\"generator\" content=\"All in One SEO (AIOSEO) 4.9.9\" \/>\n\t\t<meta property=\"og:locale\" content=\"de_DE\" \/>\n\t\t<meta property=\"og:site_name\" content=\"La Fondation KidsToo - Just another WordPress site\" \/>\n\t\t<meta property=\"og:type\" content=\"article\" \/>\n\t\t<meta property=\"og:title\" content=\"La Fondation KidsToo - \ud83c\udfac Projection du film L\u2019Invisible \u00c9l\u00e9phant \u2013 25 novembre, Del\u00e9mont\" \/>\n\t\t<meta property=\"og:description\" content=\"\ud83c\udfac Projection du film L\u2019Invisible \u00c9l\u00e9phant \u2013 25 novembre, Del\u00e9mont \u00c0 l\u2019occasion de la Journ\u00e9e internationale pour l\u2019\u00e9limination de la violence \u00e0 l\u2019\u00e9gard des femmes, KidsToo est heureuse de s\u2019associer au Bureau de la D\u00e9l\u00e9gu\u00e9e \u00e0 l\u2019\u00e9galit\u00e9 du Jura pour une soir\u00e9e de sensibilisation au Cinemont \u00e0 Del\u00e9mont. Le film-documentaire L\u2019Invisible \u00c9l\u00e9phant (Association A la\" \/>\n\t\t<meta property=\"og:url\" content=\"https:\/\/www.kidstoo.ch\/de\/%f0%9f%8e%ac-projection-du-film-linvisible-elephant-25-novembre-delemont\/\" \/>\n\t\t<meta property=\"article:published_time\" content=\"2026-08-31T05:15:00+00:00\" \/>\n\t\t<meta property=\"article:modified_time\" content=\"2026-08-31T05:15:58+00:00\" \/>\n\t\t<meta name=\"twitter:card\" content=\"summary\" \/>\n\t\t<meta name=\"twitter:title\" content=\"La Fondation KidsToo - \ud83c\udfac Projection du film L\u2019Invisible \u00c9l\u00e9phant \u2013 25 novembre, Del\u00e9mont\" \/>\n\t\t<meta name=\"twitter:description\" content=\"\ud83c\udfac Projection du film L\u2019Invisible \u00c9l\u00e9phant \u2013 25 novembre, Del\u00e9mont \u00c0 l\u2019occasion de la Journ\u00e9e internationale pour l\u2019\u00e9limination de la violence \u00e0 l\u2019\u00e9gard des femmes, KidsToo est heureuse de s\u2019associer au Bureau de la D\u00e9l\u00e9gu\u00e9e \u00e0 l\u2019\u00e9galit\u00e9 du Jura pour une soir\u00e9e de sensibilisation au Cinemont \u00e0 Del\u00e9mont. Le film-documentaire L\u2019Invisible \u00c9l\u00e9phant (Association A la\" \/>\n\t\t<script type=\"application\/ld+json\" class=\"aioseo-schema\">\n\t\t\t{\"@context\":\"https:\\\/\\\/schema.org\",\"@graph\":[{\"@type\":\"BlogPosting\",\"@id\":\"https:\\\/\\\/www.kidstoo.ch\\\/de\\\/%f0%9f%8e%ac-projection-du-film-linvisible-elephant-25-novembre-delemont\\\/#blogposting\",\"name\":\"La Fondation KidsToo - \\ud83c\\udfac Projection du film L\\u2019Invisible \\u00c9l\\u00e9phant \\u2013 25 novembre, Del\\u00e9mont\",\"headline\":\"\\ud83c\\udfac Projection du film L\\u2019Invisible \\u00c9l\\u00e9phant \\u2013 25 novembre, Del\\u00e9mont\",\"author\":{\"@id\":\"https:\\\/\\\/www.kidstoo.ch\\\/de\\\/author\\\/abo\\\/#author\"},\"publisher\":{\"@id\":\"https:\\\/\\\/www.kidstoo.ch\\\/de\\\/#organization\"},\"image\":{\"@type\":\"ImageObject\",\"url\":\"https:\\\/\\\/www.kidstoo.ch\\\/app\\\/uploads\\\/ChatGPT-Image-12-aout-2026-14_26_11.png\",\"width\":1536,\"height\":1024},\"datePublished\":\"2026-08-31T07:15:00+02:00\",\"dateModified\":\"2026-08-31T07:15:58+02:00\",\"inLanguage\":\"de-DE\",\"mainEntityOfPage\":{\"@id\":\"https:\\\/\\\/www.kidstoo.ch\\\/de\\\/%f0%9f%8e%ac-projection-du-film-linvisible-elephant-25-novembre-delemont\\\/#webpage\"},\"isPartOf\":{\"@id\":\"https:\\\/\\\/www.kidstoo.ch\\\/de\\\/%f0%9f%8e%ac-projection-du-film-linvisible-elephant-25-novembre-delemont\\\/#webpage\"},\"articleSection\":\"News, KidsToo, soziale Medien, Optional\"},{\"@type\":\"BreadcrumbList\",\"@id\":\"https:\\\/\\\/www.kidstoo.ch\\\/de\\\/%f0%9f%8e%ac-projection-du-film-linvisible-elephant-25-novembre-delemont\\\/#breadcrumblist\",\"itemListElement\":[{\"@type\":\"ListItem\",\"@id\":\"https:\\\/\\\/www.kidstoo.ch\\\/de\\\/#listItem\",\"position\":1,\"name\":\"Home\",\"item\":\"https:\\\/\\\/www.kidstoo.ch\\\/de\\\/\",\"nextItem\":{\"@type\":\"ListItem\",\"@id\":\"https:\\\/\\\/www.kidstoo.ch\\\/de\\\/category\\\/news\\\/#listItem\",\"name\":\"News\"}},{\"@type\":\"ListItem\",\"@id\":\"https:\\\/\\\/www.kidstoo.ch\\\/de\\\/category\\\/news\\\/#listItem\",\"position\":2,\"name\":\"News\",\"item\":\"https:\\\/\\\/www.kidstoo.ch\\\/de\\\/category\\\/news\\\/\",\"nextItem\":{\"@type\":\"ListItem\",\"@id\":\"https:\\\/\\\/www.kidstoo.ch\\\/de\\\/%f0%9f%8e%ac-projection-du-film-linvisible-elephant-25-novembre-delemont\\\/#listItem\",\"name\":\"\\ud83c\\udfac Projection du film L\\u2019Invisible \\u00c9l\\u00e9phant \\u2013 25 novembre, Del\\u00e9mont\"},\"previousItem\":{\"@type\":\"ListItem\",\"@id\":\"https:\\\/\\\/www.kidstoo.ch\\\/de\\\/#listItem\",\"name\":\"Home\"}},{\"@type\":\"ListItem\",\"@id\":\"https:\\\/\\\/www.kidstoo.ch\\\/de\\\/%f0%9f%8e%ac-projection-du-film-linvisible-elephant-25-novembre-delemont\\\/#listItem\",\"position\":3,\"name\":\"\\ud83c\\udfac Projection du film L\\u2019Invisible \\u00c9l\\u00e9phant \\u2013 25 novembre, Del\\u00e9mont\",\"previousItem\":{\"@type\":\"ListItem\",\"@id\":\"https:\\\/\\\/www.kidstoo.ch\\\/de\\\/category\\\/news\\\/#listItem\",\"name\":\"News\"}}]},{\"@type\":\"Organization\",\"@id\":\"https:\\\/\\\/www.kidstoo.ch\\\/de\\\/#organization\",\"name\":\"Standardisation WordPress\",\"description\":\"Just another WordPress site\",\"url\":\"https:\\\/\\\/www.kidstoo.ch\\\/de\\\/\"},{\"@type\":\"Person\",\"@id\":\"https:\\\/\\\/www.kidstoo.ch\\\/de\\\/author\\\/abo\\\/#author\",\"url\":\"https:\\\/\\\/www.kidstoo.ch\\\/de\\\/author\\\/abo\\\/\",\"name\":\"Amandine Bovay\"},{\"@type\":\"WebPage\",\"@id\":\"https:\\\/\\\/www.kidstoo.ch\\\/de\\\/%f0%9f%8e%ac-projection-du-film-linvisible-elephant-25-novembre-delemont\\\/#webpage\",\"url\":\"https:\\\/\\\/www.kidstoo.ch\\\/de\\\/%f0%9f%8e%ac-projection-du-film-linvisible-elephant-25-novembre-delemont\\\/\",\"name\":\"La Fondation KidsToo - \\ud83c\\udfac Projection du film L\\u2019Invisible \\u00c9l\\u00e9phant \\u2013 25 novembre, Del\\u00e9mont\",\"description\":\"\\ud83c\\udfac Projection du film L\\u2019Invisible \\u00c9l\\u00e9phant \\u2013 25 novembre, Del\\u00e9mont \\u00c0 l\\u2019occasion de la Journ\\u00e9e internationale pour l\\u2019\\u00e9limination de la violence \\u00e0 l\\u2019\\u00e9gard des femmes, KidsToo est heureuse de s\\u2019associer au Bureau de la D\\u00e9l\\u00e9gu\\u00e9e \\u00e0 l\\u2019\\u00e9galit\\u00e9 du Jura pour une soir\\u00e9e de sensibilisation au Cinemont \\u00e0 Del\\u00e9mont. Le film-documentaire L\\u2019Invisible \\u00c9l\\u00e9phant (Association A la\",\"inLanguage\":\"de-DE\",\"isPartOf\":{\"@id\":\"https:\\\/\\\/www.kidstoo.ch\\\/de\\\/#website\"},\"breadcrumb\":{\"@id\":\"https:\\\/\\\/www.kidstoo.ch\\\/de\\\/%f0%9f%8e%ac-projection-du-film-linvisible-elephant-25-novembre-delemont\\\/#breadcrumblist\"},\"author\":{\"@id\":\"https:\\\/\\\/www.kidstoo.ch\\\/de\\\/author\\\/abo\\\/#author\"},\"creator\":{\"@id\":\"https:\\\/\\\/www.kidstoo.ch\\\/de\\\/author\\\/abo\\\/#author\"},\"image\":{\"@type\":\"ImageObject\",\"url\":\"https:\\\/\\\/www.kidstoo.ch\\\/app\\\/uploads\\\/ChatGPT-Image-12-aout-2026-14_26_11.png\",\"@id\":\"https:\\\/\\\/www.kidstoo.ch\\\/de\\\/%f0%9f%8e%ac-projection-du-film-linvisible-elephant-25-novembre-delemont\\\/#mainImage\",\"width\":1536,\"height\":1024},\"primaryImageOfPage\":{\"@id\":\"https:\\\/\\\/www.kidstoo.ch\\\/de\\\/%f0%9f%8e%ac-projection-du-film-linvisible-elephant-25-novembre-delemont\\\/#mainImage\"},\"datePublished\":\"2026-08-31T07:15:00+02:00\",\"dateModified\":\"2026-08-31T07:15:58+02:00\"},{\"@type\":\"WebSite\",\"@id\":\"https:\\\/\\\/www.kidstoo.ch\\\/de\\\/#website\",\"url\":\"https:\\\/\\\/www.kidstoo.ch\\\/de\\\/\",\"name\":\"La Fondation KidsToo\",\"description\":\"Just another WordPress site\",\"inLanguage\":\"de-DE\",\"publisher\":{\"@id\":\"https:\\\/\\\/www.kidstoo.ch\\\/de\\\/#organization\"}}]}\n\t\t<\/script>\n\t\t<!-- All in One SEO -->\n\n","aioseo_head_json":{"title":"La Fondation KidsToo - \ud83c\udfac Projection du film L\u2019Invisible \u00c9l\u00e9phant \u2013 25 novembre, Del\u00e9mont","description":"\ud83c\udfac Projection du film L\u2019Invisible \u00c9l\u00e9phant \u2013 25 novembre, Del\u00e9mont \u00c0 l\u2019occasion de la Journ\u00e9e internationale pour l\u2019\u00e9limination de la violence \u00e0 l\u2019\u00e9gard des femmes, KidsToo est heureuse de s\u2019associer au Bureau de la D\u00e9l\u00e9gu\u00e9e \u00e0 l\u2019\u00e9galit\u00e9 du Jura pour une soir\u00e9e de sensibilisation au Cinemont \u00e0 Del\u00e9mont. Le film-documentaire L\u2019Invisible \u00c9l\u00e9phant (Association A la","canonical_url":"https:\/\/www.kidstoo.ch\/de\/%f0%9f%8e%ac-projection-du-film-linvisible-elephant-25-novembre-delemont\/","robots":"max-image-preview:large","keywords":"","webmasterTools":{"miscellaneous":""},"schema":{"@context":"https:\/\/schema.org","@graph":[{"@type":"BlogPosting","@id":"https:\/\/www.kidstoo.ch\/de\/%f0%9f%8e%ac-projection-du-film-linvisible-elephant-25-novembre-delemont\/#blogposting","name":"La Fondation KidsToo - \ud83c\udfac Projection du film L\u2019Invisible \u00c9l\u00e9phant \u2013 25 novembre, Del\u00e9mont","headline":"\ud83c\udfac Projection du film L\u2019Invisible \u00c9l\u00e9phant \u2013 25 novembre, Del\u00e9mont","author":{"@id":"https:\/\/www.kidstoo.ch\/de\/author\/abo\/#author"},"publisher":{"@id":"https:\/\/www.kidstoo.ch\/de\/#organization"},"image":{"@type":"ImageObject","url":"https:\/\/www.kidstoo.ch\/app\/uploads\/ChatGPT-Image-12-aout-2026-14_26_11.png","width":1536,"height":1024},"datePublished":"2026-08-31T07:15:00+02:00","dateModified":"2026-08-31T07:15:58+02:00","inLanguage":"de-DE","mainEntityOfPage":{"@id":"https:\/\/www.kidstoo.ch\/de\/%f0%9f%8e%ac-projection-du-film-linvisible-elephant-25-novembre-delemont\/#webpage"},"isPartOf":{"@id":"https:\/\/www.kidstoo.ch\/de\/%f0%9f%8e%ac-projection-du-film-linvisible-elephant-25-novembre-delemont\/#webpage"},"articleSection":"News, KidsToo, soziale Medien, Optional"},{"@type":"BreadcrumbList","@id":"https:\/\/www.kidstoo.ch\/de\/%f0%9f%8e%ac-projection-du-film-linvisible-elephant-25-novembre-delemont\/#breadcrumblist","itemListElement":[{"@type":"ListItem","@id":"https:\/\/www.kidstoo.ch\/de\/#listItem","position":1,"name":"Home","item":"https:\/\/www.kidstoo.ch\/de\/","nextItem":{"@type":"ListItem","@id":"https:\/\/www.kidstoo.ch\/de\/category\/news\/#listItem","name":"News"}},{"@type":"ListItem","@id":"https:\/\/www.kidstoo.ch\/de\/category\/news\/#listItem","position":2,"name":"News","item":"https:\/\/www.kidstoo.ch\/de\/category\/news\/","nextItem":{"@type":"ListItem","@id":"https:\/\/www.kidstoo.ch\/de\/%f0%9f%8e%ac-projection-du-film-linvisible-elephant-25-novembre-delemont\/#listItem","name":"\ud83c\udfac Projection du film L\u2019Invisible \u00c9l\u00e9phant \u2013 25 novembre, Del\u00e9mont"},"previousItem":{"@type":"ListItem","@id":"https:\/\/www.kidstoo.ch\/de\/#listItem","name":"Home"}},{"@type":"ListItem","@id":"https:\/\/www.kidstoo.ch\/de\/%f0%9f%8e%ac-projection-du-film-linvisible-elephant-25-novembre-delemont\/#listItem","position":3,"name":"\ud83c\udfac Projection du film L\u2019Invisible \u00c9l\u00e9phant \u2013 25 novembre, Del\u00e9mont","previousItem":{"@type":"ListItem","@id":"https:\/\/www.kidstoo.ch\/de\/category\/news\/#listItem","name":"News"}}]},{"@type":"Organization","@id":"https:\/\/www.kidstoo.ch\/de\/#organization","name":"Standardisation WordPress","description":"Just another WordPress site","url":"https:\/\/www.kidstoo.ch\/de\/"},{"@type":"Person","@id":"https:\/\/www.kidstoo.ch\/de\/author\/abo\/#author","url":"https:\/\/www.kidstoo.ch\/de\/author\/abo\/","name":"Amandine Bovay"},{"@type":"WebPage","@id":"https:\/\/www.kidstoo.ch\/de\/%f0%9f%8e%ac-projection-du-film-linvisible-elephant-25-novembre-delemont\/#webpage","url":"https:\/\/www.kidstoo.ch\/de\/%f0%9f%8e%ac-projection-du-film-linvisible-elephant-25-novembre-delemont\/","name":"La Fondation KidsToo - \ud83c\udfac Projection du film L\u2019Invisible \u00c9l\u00e9phant \u2013 25 novembre, Del\u00e9mont","description":"\ud83c\udfac Projection du film L\u2019Invisible \u00c9l\u00e9phant \u2013 25 novembre, Del\u00e9mont \u00c0 l\u2019occasion de la Journ\u00e9e internationale pour l\u2019\u00e9limination de la violence \u00e0 l\u2019\u00e9gard des femmes, KidsToo est heureuse de s\u2019associer au Bureau de la D\u00e9l\u00e9gu\u00e9e \u00e0 l\u2019\u00e9galit\u00e9 du Jura pour une soir\u00e9e de sensibilisation au Cinemont \u00e0 Del\u00e9mont. Le film-documentaire L\u2019Invisible \u00c9l\u00e9phant (Association A la","inLanguage":"de-DE","isPartOf":{"@id":"https:\/\/www.kidstoo.ch\/de\/#website"},"breadcrumb":{"@id":"https:\/\/www.kidstoo.ch\/de\/%f0%9f%8e%ac-projection-du-film-linvisible-elephant-25-novembre-delemont\/#breadcrumblist"},"author":{"@id":"https:\/\/www.kidstoo.ch\/de\/author\/abo\/#author"},"creator":{"@id":"https:\/\/www.kidstoo.ch\/de\/author\/abo\/#author"},"image":{"@type":"ImageObject","url":"https:\/\/www.kidstoo.ch\/app\/uploads\/ChatGPT-Image-12-aout-2026-14_26_11.png","@id":"https:\/\/www.kidstoo.ch\/de\/%f0%9f%8e%ac-projection-du-film-linvisible-elephant-25-novembre-delemont\/#mainImage","width":1536,"height":1024},"primaryImageOfPage":{"@id":"https:\/\/www.kidstoo.ch\/de\/%f0%9f%8e%ac-projection-du-film-linvisible-elephant-25-novembre-delemont\/#mainImage"},"datePublished":"2026-08-31T07:15:00+02:00","dateModified":"2026-08-31T07:15:58+02:00"},{"@type":"WebSite","@id":"https:\/\/www.kidstoo.ch\/de\/#website","url":"https:\/\/www.kidstoo.ch\/de\/","name":"La Fondation KidsToo","description":"Just another WordPress site","inLanguage":"de-DE","publisher":{"@id":"https:\/\/www.kidstoo.ch\/de\/#organization"}}]},"og:locale":"de_DE","og:site_name":"La Fondation KidsToo - Just another WordPress site","og:type":"article","og:title":"La Fondation KidsToo - \ud83c\udfac Projection du film L\u2019Invisible \u00c9l\u00e9phant \u2013 25 novembre, Del\u00e9mont","og:description":"\ud83c\udfac Projection du film L\u2019Invisible \u00c9l\u00e9phant \u2013 25 novembre, Del\u00e9mont \u00c0 l\u2019occasion de la Journ\u00e9e internationale pour l\u2019\u00e9limination de la violence \u00e0 l\u2019\u00e9gard des femmes, KidsToo est heureuse de s\u2019associer au Bureau de la D\u00e9l\u00e9gu\u00e9e \u00e0 l\u2019\u00e9galit\u00e9 du Jura pour une soir\u00e9e de sensibilisation au Cinemont \u00e0 Del\u00e9mont. Le film-documentaire L\u2019Invisible \u00c9l\u00e9phant (Association A la","og:url":"https:\/\/www.kidstoo.ch\/de\/%f0%9f%8e%ac-projection-du-film-linvisible-elephant-25-novembre-delemont\/","article:published_time":"2026-08-31T05:15:00+00:00","article:modified_time":"2026-08-31T05:15:58+00:00","twitter:card":"summary","twitter:title":"La Fondation KidsToo - \ud83c\udfac Projection du film L\u2019Invisible \u00c9l\u00e9phant \u2013 25 novembre, Del\u00e9mont","twitter:description":"\ud83c\udfac Projection du film L\u2019Invisible \u00c9l\u00e9phant \u2013 25 novembre, Del\u00e9mont \u00c0 l\u2019occasion de la Journ\u00e9e internationale pour l\u2019\u00e9limination de la violence \u00e0 l\u2019\u00e9gard des femmes, KidsToo est heureuse de s\u2019associer au Bureau de la D\u00e9l\u00e9gu\u00e9e \u00e0 l\u2019\u00e9galit\u00e9 du Jura pour une soir\u00e9e de sensibilisation au Cinemont \u00e0 Del\u00e9mont. Le film-documentaire L\u2019Invisible \u00c9l\u00e9phant (Association A la"},"aioseo_meta_data":{"post_id":"12631","title":null,"description":null,"keywords":null,"keyphrases":{"focus":{"keyphrase":"","score":0,"analysis":{"keyphraseInTitle":{"score":0,"maxScore":9,"error":1}}},"additional":[]},"primary_term":null,"canonical_url":null,"og_title":null,"og_description":null,"og_object_type":"default","og_image_type":"default","og_image_url":null,"og_image_width":null,"og_image_height":null,"og_image_custom_url":null,"og_image_custom_fields":null,"og_video":"","og_custom_url":null,"og_article_section":null,"og_article_tags":null,"twitter_use_og":false,"twitter_card":"default","twitter_image_type":"default","twitter_image_url":null,"twitter_image_custom_url":null,"twitter_image_custom_fields":null,"twitter_title":null,"twitter_description":null,"schema":{"blockGraphs":[],"customGraphs":[],"default":{"data":{"Article":[],"Course":[],"Dataset":[],"FAQPage":[],"Movie":[],"Person":[],"Product":[],"ProductReview":[],"Car":[],"Recipe":[],"Service":[],"SoftwareApplication":[],"WebPage":[]},"graphName":"BlogPosting","isEnabled":true},"graphs":[]},"schema_type":"default","schema_type_options":null,"pillar_content":false,"robots_default":true,"robots_noindex":false,"robots_noarchive":false,"robots_nosnippet":false,"robots_nofollow":false,"robots_noimageindex":false,"robots_noodp":false,"robots_notranslate":false,"robots_max_snippet":"-1","robots_max_videopreview":"-1","robots_max_imagepreview":"large","priority":null,"frequency":"default","local_seo":null,"breadcrumb_settings":null,"limit_modified_date":false,"ai":{"faqs":[],"keyPoints":[],"schemas":[],"titles":[],"descriptions":[],"socialPosts":{"email":{"subject":"","preview":"","content":""},"linkedin":[],"twitter":[],"facebook":[],"instagram":[]}},"created":"2026-08-27 09:21:02","updated":"2026-08-31 05:25:38","seo_analyzer_scan_date":null},"aioseo_breadcrumb":"<div class=\"aioseo-breadcrumbs\"><span class=\"aioseo-breadcrumb\">\n\t\t\t<a href=\"https:\/\/www.kidstoo.ch\/de\/\" title=\"Home\">Home<\/a>\n\t\t<\/span><span class=\"aioseo-breadcrumb-separator\">&raquo;<\/span><span class=\"aioseo-breadcrumb\">\n\t\t\t<a href=\"https:\/\/www.kidstoo.ch\/de\/category\/news\/\" title=\"News\">News<\/a>\n\t\t<\/span><span class=\"aioseo-breadcrumb-separator\">&raquo;<\/span><span class=\"aioseo-breadcrumb\">\n\t\t\t\ud83c\udfac Projection du film L\u2019Invisible \u00c9l\u00e9phant \u2013 25 novembre, Del\u00e9mont\n\t\t<\/span><\/div>","aioseo_breadcrumb_json":[{"label":"Home","link":"https:\/\/www.kidstoo.ch\/de\/"},{"label":"News","link":"https:\/\/www.kidstoo.ch\/de\/category\/news\/"},{"label":"\ud83c\udfac Projection du film L\u2019Invisible \u00c9l\u00e9phant \u2013 25 novembre, Del\u00e9mont","link":"https:\/\/www.kidstoo.ch\/de\/%f0%9f%8e%ac-projection-du-film-linvisible-elephant-25-novembre-delemont\/"}],"_links":{"self":[{"href":"https:\/\/www.kidstoo.ch\/de\/wp-json\/wp\/v2\/posts\/12631","targetHints":{"allow":["GET"]}}],"collection":[{"href":"https:\/\/www.kidstoo.ch\/de\/wp-json\/wp\/v2\/posts"}],"about":[{"href":"https:\/\/www.kidstoo.ch\/de\/wp-json\/wp\/v2\/types\/post"}],"author":[{"embeddable":true,"href":"https:\/\/www.kidstoo.ch\/de\/wp-json\/wp\/v2\/users\/9"}],"replies":[{"embeddable":true,"href":"https:\/\/www.kidstoo.ch\/de\/wp-json\/wp\/v2\/comments?post=12631"}],"version-history":[{"count":2,"href":"https:\/\/www.kidstoo.ch\/de\/wp-json\/wp\/v2\/posts\/12631\/revisions"}],"predecessor-version":[{"id":12635,"href":"https:\/\/www.kidstoo.ch\/de\/wp-json\/wp\/v2\/posts\/12631\/revisions\/12635"}],"wp:featuredmedia":[{"embeddable":true,"href":"https:\/\/www.kidstoo.ch\/de\/wp-json\/wp\/v2\/media\/12626"}],"wp:attachment":[{"href":"https:\/\/www.kidstoo.ch\/de\/wp-json\/wp\/v2\/media?parent=12631"}],"wp:term":[{"taxonomy":"category","embeddable":true,"href":"https:\/\/www.kidstoo.ch\/de\/wp-json\/wp\/v2\/categories?post=12631"},{"taxonomy":"post_tag","embeddable":true,"href":"https:\/\/www.kidstoo.ch\/de\/wp-json\/wp\/v2\/tags?post=12631"}],"curies":[{"name":"wp","href":"https:\/\/api.w.org\/{rel}","templated":true}]}}