{"id":11470,"date":"2026-03-05T08:36:38","date_gmt":"2026-03-05T07:36:38","guid":{"rendered":"https:\/\/www.kidstoo.ch\/?p=11470"},"modified":"2026-03-01T08:04:58","modified_gmt":"2026-03-01T07:04:58","slug":"%f0%9f%8e%a4-le-controle-coercitif-au-prisme-du-droit-penal-entre-reconnaissance-societale-et-defi-judiciaire","status":"publish","type":"post","link":"https:\/\/www.kidstoo.ch\/de\/%f0%9f%8e%a4-le-controle-coercitif-au-prisme-du-droit-penal-entre-reconnaissance-societale-et-defi-judiciaire\/","title":{"rendered":"\ud83c\udfa4 Le contr\u00f4le coercitif au prisme du droit p\u00e9nal : entre reconnaissance soci\u00e9tale et d\u00e9fi judiciaire"},"content":{"rendered":"\n<p>\ud83c\udfa4 <strong>C<\/strong><strong>oercive control aus strafrechtlicher Sicht: zwischen gesellschaftlicher Anerkennung und rechtliche Herausforderung<\/strong><\/p>\n\n\n\n<p>Parein gilt als eine ma\u00dfgebliche Referenz im Bereich der Strafjustiz. In seinem Vortrag beleuchtet er den Wandel der rechtlichen Perspektive auf koerzitive Kontrolle \u2013 von ihrem gesellschaftlichen Sichtbarwerden bis hin zu ihrer Anerkennung im Strafrecht. Er thematisiert die Herausforderungen der juristischen Definition, die Schwierigkeiten der Beweisf\u00fchrung sowie die Zielsetzungen strafrechtlicher Sanktionen und hinterfragt dabei die F\u00e4higkeit des Justizsystems, auf diese Formen von Gewalt angemessen zu reagieren.<\/p>\n\n\n\n<p>\ud83d\udca1 <strong>Symposium KidsToo \u00ab&nbsp;Coercive control: Famili\u00e4re und rechtliche Aspektes&nbsp;\u00bb<\/strong><br>\ud83d\udccd H\u00f4tel Beaulac, Neuch\u00e2tel<br>\ud83d\uddd3\ufe0f 10. Juni 2026<\/p>\n\n\n\n<p>\ud83d\udc49 <strong>Vollst\u00e4ndiges Programm und Anmeldung hier&nbsp;: <\/strong>www.kidstoo.ch\/de\/symposium<\/p>\n\n\n\n<figure class=\"wp-block-image size-full\"><img loading=\"lazy\" decoding=\"async\" width=\"1080\" height=\"1350\" src=\"https:\/\/www.kidstoo.ch\/app\/uploads\/Speakers-intro1.png\" alt=\"\" class=\"wp-image-11471\" srcset=\"https:\/\/www.kidstoo.ch\/app\/uploads\/Speakers-intro1.png 1080w, https:\/\/www.kidstoo.ch\/app\/uploads\/Speakers-intro1-240x300.png 240w, https:\/\/www.kidstoo.ch\/app\/uploads\/Speakers-intro1-819x1024.png 819w, https:\/\/www.kidstoo.ch\/app\/uploads\/Speakers-intro1-768x960.png 768w\" sizes=\"auto, (max-width: 1080px) 100vw, 1080px\" \/><\/figure>\n\n\n\n<p>Foto: S\u00e9bastien Bovy<\/p>\n","protected":false},"excerpt":{"rendered":"<p>\ud83c\udfa4 Coercive control aus strafrechtlicher Sicht: zwischen gesellschaftlicher Anerkennung und rechtliche Herausforderung Parein gilt als eine ma\u00dfgebliche Referenz im Bereich der Strafjustiz. In seinem Vortrag beleuchtet er den Wandel der rechtlichen Perspektive auf koerzitive Kontrolle \u2013 von ihrem gesellschaftlichen Sichtbarwerden bis hin zu ihrer Anerkennung im Strafrecht. Er thematisiert die Herausforderungen der juristischen Definition, die [&hellip;]<\/p>\n","protected":false},"author":9,"featured_media":11466,"comment_status":"closed","ping_status":"closed","sticky":false,"template":"","format":"standard","meta":{"_acf_changed":false,"footnotes":""},"categories":[25],"tags":[371,631,521,638],"class_list":["post-11470","post","type-post","status-publish","format-standard","has-post-thumbnail","hentry","category-news","tag-kidstoo-de","tag-conference-de","tag-soziale-medien","tag-zwangskontrolle"],"acf":[],"aioseo_notices":[],"_links":{"self":[{"href":"https:\/\/www.kidstoo.ch\/de\/wp-json\/wp\/v2\/posts\/11470","targetHints":{"allow":["GET"]}}],"collection":[{"href":"https:\/\/www.kidstoo.ch\/de\/wp-json\/wp\/v2\/posts"}],"about":[{"href":"https:\/\/www.kidstoo.ch\/de\/wp-json\/wp\/v2\/types\/post"}],"author":[{"embeddable":true,"href":"https:\/\/www.kidstoo.ch\/de\/wp-json\/wp\/v2\/users\/9"}],"replies":[{"embeddable":true,"href":"https:\/\/www.kidstoo.ch\/de\/wp-json\/wp\/v2\/comments?post=11470"}],"version-history":[{"count":2,"href":"https:\/\/www.kidstoo.ch\/de\/wp-json\/wp\/v2\/posts\/11470\/revisions"}],"predecessor-version":[{"id":11564,"href":"https:\/\/www.kidstoo.ch\/de\/wp-json\/wp\/v2\/posts\/11470\/revisions\/11564"}],"wp:featuredmedia":[{"embeddable":true,"href":"https:\/\/www.kidstoo.ch\/de\/wp-json\/wp\/v2\/media\/11466"}],"wp:attachment":[{"href":"https:\/\/www.kidstoo.ch\/de\/wp-json\/wp\/v2\/media?parent=11470"}],"wp:term":[{"taxonomy":"category","embeddable":true,"href":"https:\/\/www.kidstoo.ch\/de\/wp-json\/wp\/v2\/categories?post=11470"},{"taxonomy":"post_tag","embeddable":true,"href":"https:\/\/www.kidstoo.ch\/de\/wp-json\/wp\/v2\/tags?post=11470"}],"curies":[{"name":"wp","href":"https:\/\/api.w.org\/{rel}","templated":true}]}}