{"id":11142,"date":"2026-01-09T18:43:41","date_gmt":"2026-01-09T17:43:41","guid":{"rendered":"https:\/\/www.kidstoo.ch\/livre-pour-enfant-vom-glucksballon-in-meinem-bauch\/"},"modified":"2026-03-03T09:52:23","modified_gmt":"2026-03-03T08:52:23","slug":"livre-pour-enfant-vom-glucksballon-in-meinem-bauch","status":"publish","type":"post","link":"https:\/\/www.kidstoo.ch\/de\/livre-pour-enfant-vom-glucksballon-in-meinem-bauch\/","title":{"rendered":"Livre pour enfant \u00ab Vom Gl\u00fccksballon in meinem Bauch \u00bb,"},"content":{"rendered":"\n<h2 class=\"wp-block-heading\">\ud83d\udcd6 \ud83d\udc69\u200d\ud83d\udc67\u200d\ud83d\udc66 Kinderbuch <strong>\u00ab Vom Gl\u00fccksballon in meinem Bauch \u00bb<\/strong><\/h2>\n\n\n\n<p><br><br>Wir freuen uns, die Ver\u00f6ffentlichung der neuen Ausgabe des illustrierten Kinderbuchs <strong>\u201eVom Gl\u00fccksballon in meinem Bauch\u201d<\/strong> zu unterst\u00fctzen, einem einf\u00fchlsamen und aktuellen Werk, das das Thema h\u00e4usliche Gewalt kindgerecht und familienfreundlich behandelt.<\/p>\n\n\n\n<p>Dieses unter der Leitung der <strong>Bildungsstelle H\u00e4usliche Gewalt<\/strong> (Luzern) erstellte Buch ist ein wertvolles Instrument zur Pr\u00e4vention und zum Dialog.<\/p>\n\n\n\n<p>\ud83d\udc49 Sie k\u00f6nnen es hier bestellen:<br><a href=\"https:\/\/www.frauenhaus-luzern.ch\/bestellen\/\">https:\/\/www.frauenhaus-luzern.ch\/bestellen\/<\/a><\/p>\n\n\n\n<figure class=\"wp-block-image size-full\"><img loading=\"lazy\" decoding=\"async\" width=\"768\" height=\"787\" src=\"https:\/\/www.kidstoo.ch\/app\/uploads\/202512-gluecksb-2-768x787-1.png\" alt=\"\" class=\"wp-image-11132\" srcset=\"https:\/\/www.kidstoo.ch\/app\/uploads\/202512-gluecksb-2-768x787-1.png 768w, https:\/\/www.kidstoo.ch\/app\/uploads\/202512-gluecksb-2-768x787-1-293x300.png 293w\" sizes=\"auto, (max-width: 768px) 100vw, 768px\" \/><\/figure>\n","protected":false},"excerpt":{"rendered":"<p>\ud83d\udcd6 \ud83d\udc69\u200d\ud83d\udc67\u200d\ud83d\udc66 Kinderbuch \u00ab Vom Gl\u00fccksballon in meinem Bauch \u00bb Wir freuen uns, die Ver\u00f6ffentlichung der neuen Ausgabe des illustrierten Kinderbuchs \u201eVom Gl\u00fccksballon in meinem Bauch\u201d zu unterst\u00fctzen, einem einf\u00fchlsamen und aktuellen Werk, das das Thema h\u00e4usliche Gewalt kindgerecht und familienfreundlich behandelt. Dieses unter der Leitung der Bildungsstelle H\u00e4usliche Gewalt (Luzern) erstellte Buch ist ein [&hellip;]<\/p>\n","protected":false},"author":9,"featured_media":11138,"comment_status":"closed","ping_status":"closed","sticky":false,"template":"","format":"standard","meta":{"_acf_changed":false,"footnotes":""},"categories":[25],"tags":[367,371],"class_list":["post-11142","post","type-post","status-publish","format-standard","has-post-thumbnail","hentry","category-news","tag-buch","tag-kidstoo-de"],"acf":[],"aioseo_notices":[],"_links":{"self":[{"href":"https:\/\/www.kidstoo.ch\/de\/wp-json\/wp\/v2\/posts\/11142","targetHints":{"allow":["GET"]}}],"collection":[{"href":"https:\/\/www.kidstoo.ch\/de\/wp-json\/wp\/v2\/posts"}],"about":[{"href":"https:\/\/www.kidstoo.ch\/de\/wp-json\/wp\/v2\/types\/post"}],"author":[{"embeddable":true,"href":"https:\/\/www.kidstoo.ch\/de\/wp-json\/wp\/v2\/users\/9"}],"replies":[{"embeddable":true,"href":"https:\/\/www.kidstoo.ch\/de\/wp-json\/wp\/v2\/comments?post=11142"}],"version-history":[{"count":3,"href":"https:\/\/www.kidstoo.ch\/de\/wp-json\/wp\/v2\/posts\/11142\/revisions"}],"predecessor-version":[{"id":11590,"href":"https:\/\/www.kidstoo.ch\/de\/wp-json\/wp\/v2\/posts\/11142\/revisions\/11590"}],"wp:featuredmedia":[{"embeddable":true,"href":"https:\/\/www.kidstoo.ch\/de\/wp-json\/wp\/v2\/media\/11138"}],"wp:attachment":[{"href":"https:\/\/www.kidstoo.ch\/de\/wp-json\/wp\/v2\/media?parent=11142"}],"wp:term":[{"taxonomy":"category","embeddable":true,"href":"https:\/\/www.kidstoo.ch\/de\/wp-json\/wp\/v2\/categories?post=11142"},{"taxonomy":"post_tag","embeddable":true,"href":"https:\/\/www.kidstoo.ch\/de\/wp-json\/wp\/v2\/tags?post=11142"}],"curies":[{"name":"wp","href":"https:\/\/api.w.org\/{rel}","templated":true}]}}