{"id":10688,"date":"2025-11-20T09:28:00","date_gmt":"2025-11-20T08:28:00","guid":{"rendered":"https:\/\/www.kidstoo.ch\/?p=10688"},"modified":"2025-11-20T09:28:30","modified_gmt":"2025-11-20T08:28:30","slug":"%f0%9f%8e%88-20-novembre-journee-internationale-des-droits-de-lenfant","status":"publish","type":"post","link":"https:\/\/www.kidstoo.ch\/de\/%f0%9f%8e%88-20-novembre-journee-internationale-des-droits-de-lenfant\/","title":{"rendered":"\ud83c\udf88 20 novembre \u2013 Journ\u00e9e internationale des droits de l\u2019enfant"},"content":{"rendered":"\n<p>\ud83c\udf88 <strong>20 novembre \u2013 Journ\u00e9e internationale des droits de l\u2019enfant<\/strong><\/p>\n\n\n\n<p>Rappelons que <strong>chaque enfant a des droits<\/strong>: \u00eatre entendu, \u00eatre prot\u00e9g\u00e9, grandir dans la dignit\u00e9, acc\u00e9der aux soins, \u00e0 l\u2019\u00e9ducation et \u00e0 un environnement bienveillant.<\/p>\n\n\n\n<p>La <strong>Suisse<\/strong>, en signant la <strong>Convention de l\u2019ONU relative aux droits de l\u2019enfant<\/strong>, s\u2019est engag\u00e9e \u00e0 faire respecter ces droits.<\/p>\n\n\n\n<p>\ud83d\udcda \u00c0 cette occasion, nous mettons en lumi\u00e8re ce livre :<\/p>\n\n\n\n<p><strong><em>\u00ab Tes droits et tes besoins comptent \u00bb d\u2019\u00c9douard Durand<\/em><\/strong><strong><\/strong><\/p>\n\n\n\n<p>Ancien juge des enfants, co-pr\u00e9sident de la Commission ind\u00e9pendante sur l\u2019inceste et les violences sexuelles faites aux enfants en France, <strong>\u00c9douard Durand<\/strong> consacre sa carri\u00e8re \u00e0 la protection de l\u2019enfance. Sa vocation : donner une voix aux enfants, reconna\u00eetre leur parole et renforcer la culture de la pr\u00e9vention et de la protection.<\/p>\n\n\n\n<p>\u2728 Dans ce livre destin\u00e9 aux enfants, il explique<strong>:<\/strong><\/p>\n\n\n\n<ul class=\"wp-block-list\">\n<li>quels sont leurs droits fondamentaux ;<\/li>\n\n\n\n<li>pourquoi leurs \u00e9motions ont de la valeur ;<\/li>\n\n\n\n<li>comment reconna\u00eetre des situations qui ne respectent pas leurs besoins ;<\/li>\n\n\n\n<li>\u00e0 qui se confier lorsqu\u2019ils se sentent en ins\u00e9curit\u00e9 ;<\/li>\n\n\n\n<li>que chaque enfant m\u00e9rite le respect, l\u2019\u00e9coute et la protection.<\/li>\n<\/ul>\n\n\n\n<figure class=\"wp-block-embed is-type-wp-embed is-provider-la-fondation-kidstoo wp-block-embed-la-fondation-kidstoo\"><div class=\"wp-block-embed__wrapper\">\n<blockquote class=\"wp-embedded-content\" data-secret=\"WdTVYZLLhR\"><a href=\"https:\/\/www.kidstoo.ch\/ressources\/tes-droits-et-tes-besoins-comptent\/\">Tes droits et tes besoins comptent<\/a><\/blockquote><iframe loading=\"lazy\" class=\"wp-embedded-content\" sandbox=\"allow-scripts\" security=\"restricted\" style=\"position: absolute; visibility: hidden;\" title=\"\u00ab\u00a0Tes droits et tes besoins comptent\u00a0\u00bb &#8212; La Fondation KidsToo\" src=\"https:\/\/www.kidstoo.ch\/ressources\/tes-droits-et-tes-besoins-comptent\/embed\/#?secret=khTkl5CSVX#?secret=WdTVYZLLhR\" data-secret=\"WdTVYZLLhR\" width=\"500\" height=\"282\" frameborder=\"0\" marginwidth=\"0\" marginheight=\"0\" scrolling=\"no\"><\/iframe>\n<\/div><\/figure>\n","protected":false},"excerpt":{"rendered":"<p>\ud83c\udf88 20 novembre \u2013 Journ\u00e9e internationale des droits de l\u2019enfant Rappelons que chaque enfant a des droits: \u00eatre entendu, \u00eatre prot\u00e9g\u00e9, grandir dans la dignit\u00e9, acc\u00e9der aux soins, \u00e0 l\u2019\u00e9ducation et \u00e0 un environnement bienveillant. La Suisse, en signant la Convention de l\u2019ONU relative aux droits de l\u2019enfant, s\u2019est engag\u00e9e \u00e0 faire respecter ces droits. [&hellip;]<\/p>\n","protected":false},"author":9,"featured_media":10684,"comment_status":"closed","ping_status":"closed","sticky":false,"template":"","format":"standard","meta":{"_acf_changed":false,"footnotes":""},"categories":[25],"tags":[367,521],"class_list":["post-10688","post","type-post","status-publish","format-standard","has-post-thumbnail","hentry","category-news","tag-buch","tag-soziale-medien"],"acf":[],"aioseo_notices":[],"_links":{"self":[{"href":"https:\/\/www.kidstoo.ch\/de\/wp-json\/wp\/v2\/posts\/10688","targetHints":{"allow":["GET"]}}],"collection":[{"href":"https:\/\/www.kidstoo.ch\/de\/wp-json\/wp\/v2\/posts"}],"about":[{"href":"https:\/\/www.kidstoo.ch\/de\/wp-json\/wp\/v2\/types\/post"}],"author":[{"embeddable":true,"href":"https:\/\/www.kidstoo.ch\/de\/wp-json\/wp\/v2\/users\/9"}],"replies":[{"embeddable":true,"href":"https:\/\/www.kidstoo.ch\/de\/wp-json\/wp\/v2\/comments?post=10688"}],"version-history":[{"count":1,"href":"https:\/\/www.kidstoo.ch\/de\/wp-json\/wp\/v2\/posts\/10688\/revisions"}],"predecessor-version":[{"id":10690,"href":"https:\/\/www.kidstoo.ch\/de\/wp-json\/wp\/v2\/posts\/10688\/revisions\/10690"}],"wp:featuredmedia":[{"embeddable":true,"href":"https:\/\/www.kidstoo.ch\/de\/wp-json\/wp\/v2\/media\/10684"}],"wp:attachment":[{"href":"https:\/\/www.kidstoo.ch\/de\/wp-json\/wp\/v2\/media?parent=10688"}],"wp:term":[{"taxonomy":"category","embeddable":true,"href":"https:\/\/www.kidstoo.ch\/de\/wp-json\/wp\/v2\/categories?post=10688"},{"taxonomy":"post_tag","embeddable":true,"href":"https:\/\/www.kidstoo.ch\/de\/wp-json\/wp\/v2\/tags?post=10688"}],"curies":[{"name":"wp","href":"https:\/\/api.w.org\/{rel}","templated":true}]}}