{"id":10442,"date":"2025-10-19T10:30:39","date_gmt":"2025-10-19T08:30:39","guid":{"rendered":"https:\/\/www.kidstoo.ch\/nos-peres-nos-freres-nos-amis-dans-la-tete-des-hommes-violents\/"},"modified":"2025-10-19T10:31:08","modified_gmt":"2025-10-19T08:31:08","slug":"nos-peres-nos-freres-nos-amis-dans-la-tete-des-hommes-violents","status":"publish","type":"post","link":"https:\/\/www.kidstoo.ch\/de\/nos-peres-nos-freres-nos-amis-dans-la-tete-des-hommes-violents\/","title":{"rendered":"Nos p\u00e8res, nos fr\u00e8res, nos amis &#8211; Dans la t\u00eate des hommes violents"},"content":{"rendered":"\n<h2 class=\"wp-block-heading\">R\u00e9sum\u00e9<\/h2>\n\n\n\n<p>Nos p\u00e8res, nos fr\u00e8res, nos amis est une enqu\u00eate immersive, un livre essentiel pour comprendre un point aveugle de notre soci\u00e9t\u00e9<\/p>\n\n\n\n<p>&#8221; La petite graine de la violence, elle pousse, elle pousse, et je pense que cette graine est en moi depuis longtemps, elle fait partie de mon bagage, de ce que m&#8217;ont transmis mes parents. La violence surgit comme un instinct animal, et vous murmure \u00e0 l&#8217;oreille : &#8220;C&#8217;est la faute de l&#8217;autre.&#8217; &#8220;<br>Pendant quatre ans, le journaliste Mathieu Palain s&#8217;est rendu dans des groupes de parole, dans une Maison des femmes, \u00e0 des auditions judiciaires. Il a eu acc\u00e8s \u00e0 des histoires et des t\u00e9moignages d&#8217;une rare puissance.<\/p>\n\n\n\n<h2 class=\"wp-block-heading\">L&#8217;auteur<\/h2>\n\n\n\n<p>Reporter pour la radio et la presse \u00e9crite, Mathieu Palain est aussi l&#8217;auteur \u00e0 l&#8217;Iconoclaste de deux romans, Sale Gosse et Ne t&#8217;arr\u00eate pas de courir, prix Interalli\u00e9, Grand Prix des lectrices de Elle, prix du roman des \u00e9tudiants France Culture-T\u00e9l\u00e9rama.<\/p>\n","protected":false},"excerpt":{"rendered":"<p>R\u00e9sum\u00e9 Nos p\u00e8res, nos fr\u00e8res, nos amis est une enqu\u00eate immersive, un livre essentiel pour comprendre un point aveugle de notre soci\u00e9t\u00e9 &#8221; La petite graine de la violence, elle pousse, elle pousse, et je pense que cette graine est en moi depuis longtemps, elle fait partie de mon bagage, de ce que m&#8217;ont transmis [&hellip;]<\/p>\n","protected":false},"author":9,"featured_media":10438,"comment_status":"closed","ping_status":"closed","sticky":false,"template":"","format":"standard","meta":{"_acf_changed":false,"footnotes":""},"categories":[25],"tags":[367],"class_list":["post-10442","post","type-post","status-publish","format-standard","has-post-thumbnail","hentry","category-news","tag-buch"],"acf":[],"aioseo_notices":[],"_links":{"self":[{"href":"https:\/\/www.kidstoo.ch\/de\/wp-json\/wp\/v2\/posts\/10442","targetHints":{"allow":["GET"]}}],"collection":[{"href":"https:\/\/www.kidstoo.ch\/de\/wp-json\/wp\/v2\/posts"}],"about":[{"href":"https:\/\/www.kidstoo.ch\/de\/wp-json\/wp\/v2\/types\/post"}],"author":[{"embeddable":true,"href":"https:\/\/www.kidstoo.ch\/de\/wp-json\/wp\/v2\/users\/9"}],"replies":[{"embeddable":true,"href":"https:\/\/www.kidstoo.ch\/de\/wp-json\/wp\/v2\/comments?post=10442"}],"version-history":[{"count":1,"href":"https:\/\/www.kidstoo.ch\/de\/wp-json\/wp\/v2\/posts\/10442\/revisions"}],"predecessor-version":[{"id":10444,"href":"https:\/\/www.kidstoo.ch\/de\/wp-json\/wp\/v2\/posts\/10442\/revisions\/10444"}],"wp:featuredmedia":[{"embeddable":true,"href":"https:\/\/www.kidstoo.ch\/de\/wp-json\/wp\/v2\/media\/10438"}],"wp:attachment":[{"href":"https:\/\/www.kidstoo.ch\/de\/wp-json\/wp\/v2\/media?parent=10442"}],"wp:term":[{"taxonomy":"category","embeddable":true,"href":"https:\/\/www.kidstoo.ch\/de\/wp-json\/wp\/v2\/categories?post=10442"},{"taxonomy":"post_tag","embeddable":true,"href":"https:\/\/www.kidstoo.ch\/de\/wp-json\/wp\/v2\/tags?post=10442"}],"curies":[{"name":"wp","href":"https:\/\/api.w.org\/{rel}","templated":true}]}}